{"id":2548,"date":"2015-09-22T15:52:07","date_gmt":"2015-09-22T13:52:07","guid":{"rendered":"http:\/\/psionic-storm.com\/?p=2548"},"modified":"2016-04-03T09:14:45","modified_gmt":"2016-04-03T07:14:45","slug":"du-changement-pour-les-guerriers-et-un-buff-pour-balafre-dans-le-prochain-patch","status":"publish","type":"post","link":"https:\/\/psionic-storm.com\/de\/du-changement-pour-les-guerriers-et-un-buff-pour-balafre-dans-le-prochain-patch\/","title":{"rendered":"Du changement pour les guerriers et un buff pour Balafr\u00e9 dans le prochain patch ?"},"content":{"rendered":"<p><a href=\"https:\/\/psionic-storm.com\/wp-content\/uploads\/balafre-wallpaper.jpg\" data-rel=\"lightbox-image-0\" data-rl_title=\"\" data-rl_caption=\"\" title=\"\"><img loading=\"lazy\" decoding=\"async\" width=\"896\" height=\"504\" src=\"https:\/\/psionic-storm.com\/wp-content\/uploads\/balafre-wallpaper-896x504.jpg\" alt=\"Balafr\u00e9 wallpaper\" class=\"aligncenter size-large wp-image-2549\" data-wp-pid=\"2549\" srcset=\"https:\/\/psionic-storm.com\/wp-content\/uploads\/balafre-wallpaper-896x504.jpg 896w, https:\/\/psionic-storm.com\/wp-content\/uploads\/balafre-wallpaper-600x338.jpg 600w, https:\/\/psionic-storm.com\/wp-content\/uploads\/balafre-wallpaper-768x432.jpg 768w, https:\/\/psionic-storm.com\/wp-content\/uploads\/balafre-wallpaper-1536x864.jpg 1536w, https:\/\/psionic-storm.com\/wp-content\/uploads\/balafre-wallpaper.jpg 1920w\" sizes=\"(max-width: 896px) 100vw, 896px\" \/><\/a><\/p>\n<p>Voil\u00e0 une nouvelle qui ravira les fans de <strong>Balafr\u00e9<\/strong>, h\u00e9ros qui est pass\u00e9 de guerrier OP \u00e0 guerrier sombr\u00e9 dans l&#8217;oubli. Les d\u00e9veloppeurs ont avou\u00e9s avoir un peu trop nerf <strong>la terreur de Sombre-Comt\u00e9<\/strong> en d\u00e9but d&#8217;ann\u00e9e et viennent d&#8217;annoncer \u00e0 l&#8217;issue d&#8217;une interview \u00e0 <a href=\"http:\/\/www.shacknews.com\/article\/91397\/heroes-of-the-storm-designers-discuss-rexxar-kharazim-artanis-the-meta-and-more\">ShackNews<\/a>, que les guerriers allaient subir plusieurs changements et que par cons\u00e9quent <strong>Balafr\u00e9<\/strong> serait buff. <\/p>\n<p>On ne sait pas vraiment si <strong>Balafr\u00e9<\/strong> subira des buffs directs en plus des changements apport\u00e9s aux guerriers, mais en tout cas on esp\u00e8re que l&#8217;on verra plus souvent <strong>Diablo<\/strong> et <strong>E.T.C<\/strong> suite \u00e0 la sortie de ce patch.<\/p>\n","protected":false},"excerpt":{"rendered":"<p><a href=\"https:\/\/psionic-storm.com\/wp-content\/uploads\/balafre-wallpaper.jpg\" data-rel=\"lightbox-image-0\" data-rl_title=\"\" data-rl_caption=\"\" title=\"\"><\/a><\/p>\n<p>Voil\u00e0 une nouvelle qui ravira les fans de <strong>Balafr\u00e9<\/strong>, h\u00e9ros qui est pass\u00e9 de guerrier OP \u00e0 guerrier sombr\u00e9 dans l&#8217;oubli. Les d\u00e9veloppeurs ont avou\u00e9s avoir un peu trop nerf <strong>la terreur de Sombre-Comt\u00e9<\/strong> en d\u00e9but d&#8217;ann\u00e9e et viennent d&#8217;annoncer \u00e0 l&#8217;issue d&#8217;une interview \u00e0 <a href=\"http:\/\/www.shacknews.com\/article\/91397\/heroes-of-the-storm-designers-discuss-rexxar-kharazim-artanis-the-meta-and-more\">ShackNews<\/a>, que les guerriers allaient subir plusieurs changements et que par cons\u00e9quent <strong>Balafr\u00e9<\/strong> serait buff.<\/p>\n<p> <a class=\"more-link\" href=\"https:\/\/psionic-storm.com\/de\/du-changement-pour-les-guerriers-et-un-buff-pour-balafre-dans-le-prochain-patch\/\">Lies mehr&nbsp;&raquo;<\/a><\/p>\n","protected":false},"author":1,"featured_media":0,"comment_status":"open","ping_status":"closed","sticky":false,"template":"","format":"standard","meta":{"jetpack_post_was_ever_published":false,"_jetpack_newsletter_access":"","_jetpack_dont_email_post_to_subs":false,"_jetpack_newsletter_tier_id":0,"_jetpack_memberships_contains_paywalled_content":false,"_jetpack_memberships_contains_paid_content":false,"footnotes":"","jetpack_publicize_message":"","jetpack_publicize_feature_enabled":true,"jetpack_social_post_already_shared":false,"jetpack_social_options":{"image_generator_settings":{"template":"highway","default_image_id":0,"font":"","enabled":false},"version":2}},"categories":[3,947],"tags":[23,438,437,291],"class_list":["post-2548","post","type-post","status-publish","format-standard","hentry","category-news","category-misc","tag-balafre","tag-buff","tag-guerriers","tag-up"],"yoast_head":"<!-- This site is optimized with the Yoast SEO plugin v27.3 - https:\/\/yoast.com\/product\/yoast-seo-wordpress\/ -->\n<title>Du changement pour les guerriers et un buff pour Balafr\u00e9 dans le prochain patch ? - (English) Psionic Storm - Heroes of the Storm overwhelming!<\/title>\n<meta name=\"robots\" content=\"index, follow, max-snippet:-1, max-image-preview:large, max-video-preview:-1\" \/>\n<link rel=\"canonical\" href=\"https:\/\/psionic-storm.com\/de\/du-changement-pour-les-guerriers-et-un-buff-pour-balafre-dans-le-prochain-patch\/\" \/>\n<meta property=\"og:locale\" content=\"de_DE\" \/>\n<meta property=\"og:type\" content=\"article\" \/>\n<meta property=\"og:title\" content=\"Du changement pour les guerriers et un buff pour Balafr\u00e9 dans le prochain patch ? - (English) Psionic Storm - Heroes of the Storm overwhelming!\" \/>\n<meta property=\"og:description\" content=\"Voil\u00e0 une nouvelle qui ravira les fans de Balafr\u00e9, h\u00e9ros qui est pass\u00e9 de guerrier OP \u00e0 guerrier sombr\u00e9 dans l&#8217;oubli. Les d\u00e9veloppeurs ont avou\u00e9s avoir un peu trop nerf la terreur de Sombre-Comt\u00e9 en d\u00e9but d&#8217;ann\u00e9e et viennent d&#8217;annoncer \u00e0 l&#8217;issue d&#8217;une interview \u00e0 ShackNews, que les guerriers allaient subir plusieurs changements et que par cons\u00e9quent Balafr\u00e9 serait buff. Lies mehr&nbsp;&raquo;\" \/>\n<meta property=\"og:url\" content=\"https:\/\/psionic-storm.com\/de\/du-changement-pour-les-guerriers-et-un-buff-pour-balafre-dans-le-prochain-patch\/\" \/>\n<meta property=\"og:site_name\" content=\"(English) Psionic Storm - Heroes of the Storm overwhelming!\" \/>\n<meta property=\"article:publisher\" content=\"https:\/\/www.facebook.com\/psionicstormfr\" \/>\n<meta property=\"article:published_time\" content=\"2015-09-22T13:52:07+00:00\" \/>\n<meta property=\"article:modified_time\" content=\"2016-04-03T07:14:45+00:00\" \/>\n<meta property=\"og:image\" content=\"https:\/\/psionic-storm.com\/wp-content\/uploads\/balafre-wallpaper-896x504.jpg\" \/>\n<meta name=\"author\" content=\"Croakx\" \/>\n<meta name=\"twitter:card\" content=\"summary_large_image\" \/>\n<meta name=\"twitter:creator\" content=\"@PsionicStormFR\" \/>\n<meta name=\"twitter:site\" content=\"@PsionicStormFR\" \/>\n<meta name=\"twitter:label1\" content=\"Verfasst von\" \/>\n\t<meta name=\"twitter:data1\" content=\"Croakx\" \/>\n\t<meta name=\"twitter:label2\" content=\"Gesch\u00e4tzte Lesezeit\" \/>\n\t<meta name=\"twitter:data2\" content=\"1\u00a0Minute\" \/>\n<script type=\"application\/ld+json\" class=\"yoast-schema-graph\">{\"@context\":\"https:\\\/\\\/schema.org\",\"@graph\":[{\"@type\":\"Article\",\"@id\":\"https:\\\/\\\/psionic-storm.com\\\/de\\\/du-changement-pour-les-guerriers-et-un-buff-pour-balafre-dans-le-prochain-patch\\\/#article\",\"isPartOf\":{\"@id\":\"https:\\\/\\\/psionic-storm.com\\\/de\\\/du-changement-pour-les-guerriers-et-un-buff-pour-balafre-dans-le-prochain-patch\\\/\"},\"author\":{\"name\":\"Croakx\",\"@id\":\"https:\\\/\\\/psionic-storm.com\\\/en\\\/#\\\/schema\\\/person\\\/2490e324575449a7a620425865d31515\"},\"headline\":\"Du changement pour les guerriers et un buff pour Balafr\u00e9 dans le prochain patch ?\",\"datePublished\":\"2015-09-22T13:52:07+00:00\",\"dateModified\":\"2016-04-03T07:14:45+00:00\",\"mainEntityOfPage\":{\"@id\":\"https:\\\/\\\/psionic-storm.com\\\/de\\\/du-changement-pour-les-guerriers-et-un-buff-pour-balafre-dans-le-prochain-patch\\\/\"},\"wordCount\":125,\"commentCount\":1,\"publisher\":{\"@id\":\"https:\\\/\\\/psionic-storm.com\\\/en\\\/#organization\"},\"image\":{\"@id\":\"https:\\\/\\\/psionic-storm.com\\\/de\\\/du-changement-pour-les-guerriers-et-un-buff-pour-balafre-dans-le-prochain-patch\\\/#primaryimage\"},\"thumbnailUrl\":\"https:\\\/\\\/psionic-storm.com\\\/wp-content\\\/uploads\\\/balafre-wallpaper-896x504.jpg\",\"keywords\":[\"Balafr\u00e9\",\"buff\",\"guerriers\",\"up\"],\"articleSection\":[\"News\",\"Misc\"],\"inLanguage\":\"de\",\"potentialAction\":[{\"@type\":\"CommentAction\",\"name\":\"Comment\",\"target\":[\"https:\\\/\\\/psionic-storm.com\\\/de\\\/du-changement-pour-les-guerriers-et-un-buff-pour-balafre-dans-le-prochain-patch\\\/#respond\"]}]},{\"@type\":\"WebPage\",\"@id\":\"https:\\\/\\\/psionic-storm.com\\\/de\\\/du-changement-pour-les-guerriers-et-un-buff-pour-balafre-dans-le-prochain-patch\\\/\",\"url\":\"https:\\\/\\\/psionic-storm.com\\\/de\\\/du-changement-pour-les-guerriers-et-un-buff-pour-balafre-dans-le-prochain-patch\\\/\",\"name\":\"Du changement pour les guerriers et un buff pour Balafr\u00e9 dans le prochain patch ? - (English) Psionic Storm - Heroes of the Storm overwhelming!\",\"isPartOf\":{\"@id\":\"https:\\\/\\\/psionic-storm.com\\\/de\\\/#website\"},\"primaryImageOfPage\":{\"@id\":\"https:\\\/\\\/psionic-storm.com\\\/de\\\/du-changement-pour-les-guerriers-et-un-buff-pour-balafre-dans-le-prochain-patch\\\/#primaryimage\"},\"image\":{\"@id\":\"https:\\\/\\\/psionic-storm.com\\\/de\\\/du-changement-pour-les-guerriers-et-un-buff-pour-balafre-dans-le-prochain-patch\\\/#primaryimage\"},\"thumbnailUrl\":\"https:\\\/\\\/psionic-storm.com\\\/wp-content\\\/uploads\\\/balafre-wallpaper-896x504.jpg\",\"datePublished\":\"2015-09-22T13:52:07+00:00\",\"dateModified\":\"2016-04-03T07:14:45+00:00\",\"breadcrumb\":{\"@id\":\"https:\\\/\\\/psionic-storm.com\\\/de\\\/du-changement-pour-les-guerriers-et-un-buff-pour-balafre-dans-le-prochain-patch\\\/#breadcrumb\"},\"inLanguage\":\"de\",\"potentialAction\":[{\"@type\":\"ReadAction\",\"target\":[[\"https:\\\/\\\/psionic-storm.com\\\/de\\\/du-changement-pour-les-guerriers-et-un-buff-pour-balafre-dans-le-prochain-patch\\\/\"]]}]},{\"@type\":\"ImageObject\",\"inLanguage\":\"de\",\"@id\":\"https:\\\/\\\/psionic-storm.com\\\/de\\\/du-changement-pour-les-guerriers-et-un-buff-pour-balafre-dans-le-prochain-patch\\\/#primaryimage\",\"url\":\"https:\\\/\\\/psionic-storm.com\\\/wp-content\\\/uploads\\\/balafre-wallpaper-896x504.jpg\",\"contentUrl\":\"https:\\\/\\\/psionic-storm.com\\\/wp-content\\\/uploads\\\/balafre-wallpaper-896x504.jpg\"},{\"@type\":\"BreadcrumbList\",\"@id\":\"https:\\\/\\\/psionic-storm.com\\\/de\\\/du-changement-pour-les-guerriers-et-un-buff-pour-balafre-dans-le-prochain-patch\\\/#breadcrumb\",\"itemListElement\":[{\"@type\":\"ListItem\",\"position\":1,\"name\":\"Accueil\",\"item\":\"https:\\\/\\\/psionic-storm.com\\\/de\\\/\"},{\"@type\":\"ListItem\",\"position\":2,\"name\":\"Du changement pour les guerriers et un buff pour Balafr\u00e9 dans le prochain patch ?\"}]},{\"@type\":\"WebSite\",\"@id\":\"https:\\\/\\\/psionic-storm.com\\\/de\\\/#website\",\"url\":\"https:\\\/\\\/psionic-storm.com\\\/de\\\/\",\"name\":\"(English) Psionic Storm - Heroes of the Storm overwhelming!\",\"description\":\"(English) Talents, builds and stats for Heroes of the Storm by Blizzard\",\"publisher\":{\"@id\":\"https:\\\/\\\/psionic-storm.com\\\/de\\\/#organization\"},\"potentialAction\":[{\"@type\":\"SearchAction\",\"target\":{\"@type\":\"EntryPoint\",\"urlTemplate\":\"https:\\\/\\\/psionic-storm.com\\\/de\\\/?s={search_term_string}\"},\"query-input\":{\"@type\":\"PropertyValueSpecification\",\"valueRequired\":true,\"valueName\":\"search_term_string\"}}],\"inLanguage\":\"de\"},{\"@type\":\"Organization\",\"@id\":\"https:\\\/\\\/psionic-storm.com\\\/de\\\/#organization\",\"name\":\"Psionic Storm\",\"url\":\"https:\\\/\\\/psionic-storm.com\\\/de\\\/\",\"logo\":{\"@type\":\"ImageObject\",\"inLanguage\":\"de\",\"@id\":\"https:\\\/\\\/psionic-storm.com\\\/de\\\/#\\\/schema\\\/logo\\\/image\\\/\",\"url\":\"https:\\\/\\\/psionic-storm.com\\\/wp-content\\\/uploads\\\/2015\\\/04\\\/logo.png\",\"contentUrl\":\"https:\\\/\\\/psionic-storm.com\\\/wp-content\\\/uploads\\\/2015\\\/04\\\/logo.png\",\"width\":374,\"height\":158,\"caption\":\"Psionic Storm\"},\"image\":{\"@id\":\"https:\\\/\\\/psionic-storm.com\\\/de\\\/#\\\/schema\\\/logo\\\/image\\\/\"},\"sameAs\":[\"https:\\\/\\\/www.facebook.com\\\/psionicstormfr\",\"https:\\\/\\\/x.com\\\/PsionicStormFR\",\"https:\\\/\\\/www.youtube.com\\\/channel\\\/UCqD35J5WYsEehJCjPqYXXNw\"]},{\"@type\":\"Person\",\"@id\":\"https:\\\/\\\/psionic-storm.com\\\/en\\\/#\\\/schema\\\/person\\\/2490e324575449a7a620425865d31515\",\"name\":\"Croakx\",\"image\":{\"@type\":\"ImageObject\",\"inLanguage\":\"de\",\"@id\":\"https:\\\/\\\/secure.gravatar.com\\\/avatar\\\/8c3dfcc4f58f1cc98e9a3eb28a33b5cece6eb2b16ada57417389d572c4a5d9a7?s=96&d=https%3A%2F%2Fpsionic-storm.com%2Fwp-content%2Fthemes%2Fpsionicstorm%2Fimg%2Fgravatar.jpg&r=g\",\"url\":\"https:\\\/\\\/secure.gravatar.com\\\/avatar\\\/8c3dfcc4f58f1cc98e9a3eb28a33b5cece6eb2b16ada57417389d572c4a5d9a7?s=96&d=https%3A%2F%2Fpsionic-storm.com%2Fwp-content%2Fthemes%2Fpsionicstorm%2Fimg%2Fgravatar.jpg&r=g\",\"contentUrl\":\"https:\\\/\\\/secure.gravatar.com\\\/avatar\\\/8c3dfcc4f58f1cc98e9a3eb28a33b5cece6eb2b16ada57417389d572c4a5d9a7?s=96&d=https%3A%2F%2Fpsionic-storm.com%2Fwp-content%2Fthemes%2Fpsionicstorm%2Fimg%2Fgravatar.jpg&r=g\",\"caption\":\"Croakx\"},\"sameAs\":[\"https:\\\/\\\/psionic-storm.com\"],\"url\":\"https:\\\/\\\/psionic-storm.com\\\/de\\\/author\\\/croakx\\\/\"}]}<\/script>\n<!-- \/ Yoast SEO plugin. -->","yoast_head_json":{"title":"Du changement pour les guerriers et un buff pour Balafr\u00e9 dans le prochain patch ? - (English) Psionic Storm - Heroes of the Storm overwhelming!","robots":{"index":"index","follow":"follow","max-snippet":"max-snippet:-1","max-image-preview":"max-image-preview:large","max-video-preview":"max-video-preview:-1"},"canonical":"https:\/\/psionic-storm.com\/de\/du-changement-pour-les-guerriers-et-un-buff-pour-balafre-dans-le-prochain-patch\/","og_locale":"de_DE","og_type":"article","og_title":"Du changement pour les guerriers et un buff pour Balafr\u00e9 dans le prochain patch ? - (English) Psionic Storm - Heroes of the Storm overwhelming!","og_description":"Voil\u00e0 une nouvelle qui ravira les fans de Balafr\u00e9, h\u00e9ros qui est pass\u00e9 de guerrier OP \u00e0 guerrier sombr\u00e9 dans l&#8217;oubli. Les d\u00e9veloppeurs ont avou\u00e9s avoir un peu trop nerf la terreur de Sombre-Comt\u00e9 en d\u00e9but d&#8217;ann\u00e9e et viennent d&#8217;annoncer \u00e0 l&#8217;issue d&#8217;une interview \u00e0 ShackNews, que les guerriers allaient subir plusieurs changements et que par cons\u00e9quent Balafr\u00e9 serait buff. Lies mehr&nbsp;&raquo;","og_url":"https:\/\/psionic-storm.com\/de\/du-changement-pour-les-guerriers-et-un-buff-pour-balafre-dans-le-prochain-patch\/","og_site_name":"(English) Psionic Storm - Heroes of the Storm overwhelming!","article_publisher":"https:\/\/www.facebook.com\/psionicstormfr","article_published_time":"2015-09-22T13:52:07+00:00","article_modified_time":"2016-04-03T07:14:45+00:00","og_image":[{"url":"https:\/\/psionic-storm.com\/wp-content\/uploads\/balafre-wallpaper-896x504.jpg","type":"","width":"","height":""}],"author":"Croakx","twitter_card":"summary_large_image","twitter_creator":"@PsionicStormFR","twitter_site":"@PsionicStormFR","twitter_misc":{"Verfasst von":"Croakx","Gesch\u00e4tzte Lesezeit":"1\u00a0Minute"},"schema":{"@context":"https:\/\/schema.org","@graph":[{"@type":"Article","@id":"https:\/\/psionic-storm.com\/de\/du-changement-pour-les-guerriers-et-un-buff-pour-balafre-dans-le-prochain-patch\/#article","isPartOf":{"@id":"https:\/\/psionic-storm.com\/de\/du-changement-pour-les-guerriers-et-un-buff-pour-balafre-dans-le-prochain-patch\/"},"author":{"name":"Croakx","@id":"https:\/\/psionic-storm.com\/en\/#\/schema\/person\/2490e324575449a7a620425865d31515"},"headline":"Du changement pour les guerriers et un buff pour Balafr\u00e9 dans le prochain patch ?","datePublished":"2015-09-22T13:52:07+00:00","dateModified":"2016-04-03T07:14:45+00:00","mainEntityOfPage":{"@id":"https:\/\/psionic-storm.com\/de\/du-changement-pour-les-guerriers-et-un-buff-pour-balafre-dans-le-prochain-patch\/"},"wordCount":125,"commentCount":1,"publisher":{"@id":"https:\/\/psionic-storm.com\/en\/#organization"},"image":{"@id":"https:\/\/psionic-storm.com\/de\/du-changement-pour-les-guerriers-et-un-buff-pour-balafre-dans-le-prochain-patch\/#primaryimage"},"thumbnailUrl":"https:\/\/psionic-storm.com\/wp-content\/uploads\/balafre-wallpaper-896x504.jpg","keywords":["Balafr\u00e9","buff","guerriers","up"],"articleSection":["News","Misc"],"inLanguage":"de","potentialAction":[{"@type":"CommentAction","name":"Comment","target":["https:\/\/psionic-storm.com\/de\/du-changement-pour-les-guerriers-et-un-buff-pour-balafre-dans-le-prochain-patch\/#respond"]}]},{"@type":"WebPage","@id":"https:\/\/psionic-storm.com\/de\/du-changement-pour-les-guerriers-et-un-buff-pour-balafre-dans-le-prochain-patch\/","url":"https:\/\/psionic-storm.com\/de\/du-changement-pour-les-guerriers-et-un-buff-pour-balafre-dans-le-prochain-patch\/","name":"Du changement pour les guerriers et un buff pour Balafr\u00e9 dans le prochain patch ? - (English) Psionic Storm - Heroes of the Storm overwhelming!","isPartOf":{"@id":"https:\/\/psionic-storm.com\/de\/#website"},"primaryImageOfPage":{"@id":"https:\/\/psionic-storm.com\/de\/du-changement-pour-les-guerriers-et-un-buff-pour-balafre-dans-le-prochain-patch\/#primaryimage"},"image":{"@id":"https:\/\/psionic-storm.com\/de\/du-changement-pour-les-guerriers-et-un-buff-pour-balafre-dans-le-prochain-patch\/#primaryimage"},"thumbnailUrl":"https:\/\/psionic-storm.com\/wp-content\/uploads\/balafre-wallpaper-896x504.jpg","datePublished":"2015-09-22T13:52:07+00:00","dateModified":"2016-04-03T07:14:45+00:00","breadcrumb":{"@id":"https:\/\/psionic-storm.com\/de\/du-changement-pour-les-guerriers-et-un-buff-pour-balafre-dans-le-prochain-patch\/#breadcrumb"},"inLanguage":"de","potentialAction":[{"@type":"ReadAction","target":[["https:\/\/psionic-storm.com\/de\/du-changement-pour-les-guerriers-et-un-buff-pour-balafre-dans-le-prochain-patch\/"]]}]},{"@type":"ImageObject","inLanguage":"de","@id":"https:\/\/psionic-storm.com\/de\/du-changement-pour-les-guerriers-et-un-buff-pour-balafre-dans-le-prochain-patch\/#primaryimage","url":"https:\/\/psionic-storm.com\/wp-content\/uploads\/balafre-wallpaper-896x504.jpg","contentUrl":"https:\/\/psionic-storm.com\/wp-content\/uploads\/balafre-wallpaper-896x504.jpg"},{"@type":"BreadcrumbList","@id":"https:\/\/psionic-storm.com\/de\/du-changement-pour-les-guerriers-et-un-buff-pour-balafre-dans-le-prochain-patch\/#breadcrumb","itemListElement":[{"@type":"ListItem","position":1,"name":"Accueil","item":"https:\/\/psionic-storm.com\/de\/"},{"@type":"ListItem","position":2,"name":"Du changement pour les guerriers et un buff pour Balafr\u00e9 dans le prochain patch ?"}]},{"@type":"WebSite","@id":"https:\/\/psionic-storm.com\/de\/#website","url":"https:\/\/psionic-storm.com\/de\/","name":"(English) Psionic Storm - Heroes of the Storm overwhelming!","description":"(English) Talents, builds and stats for Heroes of the Storm by Blizzard","publisher":{"@id":"https:\/\/psionic-storm.com\/de\/#organization"},"potentialAction":[{"@type":"SearchAction","target":{"@type":"EntryPoint","urlTemplate":"https:\/\/psionic-storm.com\/de\/?s={search_term_string}"},"query-input":{"@type":"PropertyValueSpecification","valueRequired":true,"valueName":"search_term_string"}}],"inLanguage":"de"},{"@type":"Organization","@id":"https:\/\/psionic-storm.com\/de\/#organization","name":"Psionic Storm","url":"https:\/\/psionic-storm.com\/de\/","logo":{"@type":"ImageObject","inLanguage":"de","@id":"https:\/\/psionic-storm.com\/de\/#\/schema\/logo\/image\/","url":"https:\/\/psionic-storm.com\/wp-content\/uploads\/2015\/04\/logo.png","contentUrl":"https:\/\/psionic-storm.com\/wp-content\/uploads\/2015\/04\/logo.png","width":374,"height":158,"caption":"Psionic Storm"},"image":{"@id":"https:\/\/psionic-storm.com\/de\/#\/schema\/logo\/image\/"},"sameAs":["https:\/\/www.facebook.com\/psionicstormfr","https:\/\/x.com\/PsionicStormFR","https:\/\/www.youtube.com\/channel\/UCqD35J5WYsEehJCjPqYXXNw"]},{"@type":"Person","@id":"https:\/\/psionic-storm.com\/en\/#\/schema\/person\/2490e324575449a7a620425865d31515","name":"Croakx","image":{"@type":"ImageObject","inLanguage":"de","@id":"https:\/\/secure.gravatar.com\/avatar\/8c3dfcc4f58f1cc98e9a3eb28a33b5cece6eb2b16ada57417389d572c4a5d9a7?s=96&d=https%3A%2F%2Fpsionic-storm.com%2Fwp-content%2Fthemes%2Fpsionicstorm%2Fimg%2Fgravatar.jpg&r=g","url":"https:\/\/secure.gravatar.com\/avatar\/8c3dfcc4f58f1cc98e9a3eb28a33b5cece6eb2b16ada57417389d572c4a5d9a7?s=96&d=https%3A%2F%2Fpsionic-storm.com%2Fwp-content%2Fthemes%2Fpsionicstorm%2Fimg%2Fgravatar.jpg&r=g","contentUrl":"https:\/\/secure.gravatar.com\/avatar\/8c3dfcc4f58f1cc98e9a3eb28a33b5cece6eb2b16ada57417389d572c4a5d9a7?s=96&d=https%3A%2F%2Fpsionic-storm.com%2Fwp-content%2Fthemes%2Fpsionicstorm%2Fimg%2Fgravatar.jpg&r=g","caption":"Croakx"},"sameAs":["https:\/\/psionic-storm.com"],"url":"https:\/\/psionic-storm.com\/de\/author\/croakx\/"}]}},"jetpack_publicize_connections":[],"jetpack_featured_media_url":"","jetpack_sharing_enabled":true,"jetpack_shortlink":"https:\/\/wp.me\/p6YPgm-F6","jetpack-related-posts":[{"id":15845,"url":"https:\/\/psionic-storm.com\/de\/patch-notes-equilibrage-du-19-decembre-2018\/","url_meta":{"origin":2548,"position":0},"title":"Patch notes : \u00e9quilibrage du 19 d\u00e9cembre 2018","author":"HerrVigg","date":"Mittwoch, der 19. Dezember 2018","format":false,"excerpt":"Et non Heroes n'est pas encore mort ! Notre bien-aim\u00e9e Blizzard \u00e9quipe de d\u00e9veloppeurs Heroes a d\u00e9ploy\u00e9 un patch d'\u00e9quilibrage assez cons\u00e9quent juste avant les f\u00eates de No\u00ebl. En particulier on notera un bon nerf pour , un buff pour et m\u00eame un aussi pour . Le v\u00e9n\u00e9rable avait aussi\u2026","rel":"","context":"In &quot;News&quot;","block_context":{"text":"News","link":"https:\/\/psionic-storm.com\/de\/categories\/news\/"},"img":{"alt_text":"","src":"https:\/\/i0.wp.com\/psionic-storm.com\/wp-content\/uploads\/2015\/06\/patch-notes-896x498.jpg?resize=350%2C200&ssl=1","width":350,"height":200,"srcset":"https:\/\/i0.wp.com\/psionic-storm.com\/wp-content\/uploads\/2015\/06\/patch-notes-896x498.jpg?resize=350%2C200&ssl=1 1x, https:\/\/i0.wp.com\/psionic-storm.com\/wp-content\/uploads\/2015\/06\/patch-notes-896x498.jpg?resize=525%2C300&ssl=1 1.5x, https:\/\/i0.wp.com\/psionic-storm.com\/wp-content\/uploads\/2015\/06\/patch-notes-896x498.jpg?resize=700%2C400&ssl=1 2x"},"classes":[]},{"id":4513,"url":"https:\/\/psionic-storm.com\/de\/patch-notes-equilibrage-du-18-fevrier\/","url_meta":{"origin":2548,"position":1},"title":"Patch notes : \u00e9quilibrage du 18 f\u00e9vrier","author":"Croakx","date":"Mittwoch, der 17. Februar 2016","format":false,"excerpt":"Blizzard vient de publier le patch notes de l'\u00e9quilibrage de la semaine. Au programme on retrouve enfin le nerf que tout le monde attendait pour Li-Ming, disparition du talent Ess de Johan, r\u00e9duction du bouclier de Peau de diamant, r\u00e9duction de la puissance des sorts obtenue avec Les \u00e9l\u00e9ments de\u2026","rel":"","context":"In &quot;News&quot;","block_context":{"text":"News","link":"https:\/\/psionic-storm.com\/de\/categories\/news\/"},"img":{"alt_text":"Psionic Storm \u00c9quilibrage","src":"https:\/\/i0.wp.com\/psionic-storm.com\/wp-content\/uploads\/psionic-storm-equilibrage.jpg?resize=350%2C200&ssl=1","width":350,"height":200,"srcset":"https:\/\/i0.wp.com\/psionic-storm.com\/wp-content\/uploads\/psionic-storm-equilibrage.jpg?resize=350%2C200&ssl=1 1x, https:\/\/i0.wp.com\/psionic-storm.com\/wp-content\/uploads\/psionic-storm-equilibrage.jpg?resize=525%2C300&ssl=1 1.5x, https:\/\/i0.wp.com\/psionic-storm.com\/wp-content\/uploads\/psionic-storm-equilibrage.jpg?resize=700%2C400&ssl=1 2x"},"classes":[]},{"id":11534,"url":"https:\/\/psionic-storm.com\/de\/patch-notes-equilibrage-du-26-juillet-2017\/","url_meta":{"origin":2548,"position":2},"title":"Patch notes : \u00e9quilibrage du 26 juillet 2017","author":"HerrVigg","date":"Mittwoch, der 26. Juli 2017","format":false,"excerpt":"Blizzard a d\u00e9ploy\u00e9 un patch d'\u00e9quilibrage concernant plusieurs h\u00e9ros: . En particulier, sont nerf\u00e9s, subit divers ajustements, et voit un buff sur ses points de vie. b\u00e9n\u00e9ficie d'un changement assez important annonc\u00e9 r\u00e9cemment sur les forums US. Il gagnera imm\u00e9diatement 25 points de breuvage sur l'activation de son trait, ce\u2026","rel":"","context":"In &quot;News&quot;","block_context":{"text":"News","link":"https:\/\/psionic-storm.com\/de\/categories\/news\/"},"img":{"alt_text":"","src":"https:\/\/i0.wp.com\/psionic-storm.com\/wp-content\/uploads\/2015\/06\/patch-notes-896x498.jpg?resize=350%2C200&ssl=1","width":350,"height":200,"srcset":"https:\/\/i0.wp.com\/psionic-storm.com\/wp-content\/uploads\/2015\/06\/patch-notes-896x498.jpg?resize=350%2C200&ssl=1 1x, https:\/\/i0.wp.com\/psionic-storm.com\/wp-content\/uploads\/2015\/06\/patch-notes-896x498.jpg?resize=525%2C300&ssl=1 1.5x, https:\/\/i0.wp.com\/psionic-storm.com\/wp-content\/uploads\/2015\/06\/patch-notes-896x498.jpg?resize=700%2C400&ssl=1 2x"},"classes":[]},{"id":988,"url":"https:\/\/psionic-storm.com\/de\/role-des-heros-le-guerrier\/","url_meta":{"origin":2548,"position":3},"title":"R\u00f4le des h\u00e9ros : le guerrier","author":"Benitott","date":"Dienstag, der  7. Juli 2015","format":false,"excerpt":"Suite de notre s\u00e9rie de guide sur les r\u00f4les des personnages dans Heroes of the Storm, cette semaine nous allons vous parler du r\u00f4le du guerrier. Si vous aviez rat\u00e9 le guide sur le r\u00f4le de soutien n'h\u00e9sitez pas \u00e0 y jeter un coup d'oeil. Caract\u00e9ristiques du guerrier Le r\u00f4le\u2026","rel":"","context":"In &quot;Anleitung&quot;","block_context":{"text":"Anleitung","link":"https:\/\/psionic-storm.com\/de\/categories\/guides\/"},"img":{"alt_text":"","src":"https:\/\/i0.wp.com\/psionic-storm.com\/wp-content\/uploads\/guide-johanna-banner.jpg?resize=350%2C200&ssl=1","width":350,"height":200,"srcset":"https:\/\/i0.wp.com\/psionic-storm.com\/wp-content\/uploads\/guide-johanna-banner.jpg?resize=350%2C200&ssl=1 1x, https:\/\/i0.wp.com\/psionic-storm.com\/wp-content\/uploads\/guide-johanna-banner.jpg?resize=525%2C300&ssl=1 1.5x, https:\/\/i0.wp.com\/psionic-storm.com\/wp-content\/uploads\/guide-johanna-banner.jpg?resize=700%2C400&ssl=1 2x"},"classes":[]},{"id":7673,"url":"https:\/\/psionic-storm.com\/de\/patches-notes-equilibrage-27-juillet\/","url_meta":{"origin":2548,"position":4},"title":"Patches notes : \u00e9quilibrage du 27 juillet","author":"HerrVigg","date":"Dienstag, der 26. Juli 2016","format":false,"excerpt":"Le patch d'\u00e9quilibrage de la semaine est consistant et devrait remettre un peu d'ordre suite au patch Gul'dan assez mouvement\u00e9. Kerrigan se voit bien nerf\u00e9e, ce qui \u00e9tait attendu puisque nous vous avions annonc\u00e9 qu'elle \u00e9tait OP la semaine derni\u00e8re. Luisaile qui est devenue de loin le support num\u00e9ro 1\u2026","rel":"","context":"In &quot;News&quot;","block_context":{"text":"News","link":"https:\/\/psionic-storm.com\/de\/categories\/news\/"},"img":{"alt_text":"Psionic Storm \u00c9quilibrage","src":"https:\/\/i0.wp.com\/psionic-storm.com\/wp-content\/uploads\/psionic-storm-equilibrage-896x498.jpg?resize=350%2C200&ssl=1","width":350,"height":200,"srcset":"https:\/\/i0.wp.com\/psionic-storm.com\/wp-content\/uploads\/psionic-storm-equilibrage-896x498.jpg?resize=350%2C200&ssl=1 1x, https:\/\/i0.wp.com\/psionic-storm.com\/wp-content\/uploads\/psionic-storm-equilibrage-896x498.jpg?resize=525%2C300&ssl=1 1.5x, https:\/\/i0.wp.com\/psionic-storm.com\/wp-content\/uploads\/psionic-storm-equilibrage-896x498.jpg?resize=700%2C400&ssl=1 2x"},"classes":[]},{"id":16329,"url":"https:\/\/psionic-storm.com\/de\/refonte-des-roles\/","url_meta":{"origin":2548,"position":5},"title":"Refonte des r\u00f4les","author":"HerrVigg","date":"Montag, der 18. M\u00e4rz 2019","format":false,"excerpt":"La refonte des r\u00f4les qui avait annonc\u00e9e \u00e0 la Blizzcon 2018 montre enfin le bout de son nez ! Sa mise en place effective devrait coincider avec la prochaine grosse mise \u00e0 jour, d\u00e9j\u00e0 testable sur PTR. Au-del\u00e0 du pur red\u00e9coupage il faut voir les \u00e9volutions \u00e0 venir pour d\u00e9finir\u2026","rel":"","context":"In &quot;News&quot;","block_context":{"text":"News","link":"https:\/\/psionic-storm.com\/de\/categories\/news\/"},"img":{"alt_text":"","src":"https:\/\/i0.wp.com\/psionic-storm.com\/wp-content\/uploads\/psionic-storm-rework-896x498.jpg?resize=350%2C200&ssl=1","width":350,"height":200,"srcset":"https:\/\/i0.wp.com\/psionic-storm.com\/wp-content\/uploads\/psionic-storm-rework-896x498.jpg?resize=350%2C200&ssl=1 1x, https:\/\/i0.wp.com\/psionic-storm.com\/wp-content\/uploads\/psionic-storm-rework-896x498.jpg?resize=525%2C300&ssl=1 1.5x, https:\/\/i0.wp.com\/psionic-storm.com\/wp-content\/uploads\/psionic-storm-rework-896x498.jpg?resize=700%2C400&ssl=1 2x"},"classes":[]}],"_links":{"self":[{"href":"https:\/\/psionic-storm.com\/de\/wp-json\/wp\/v2\/posts\/2548","targetHints":{"allow":["GET"]}}],"collection":[{"href":"https:\/\/psionic-storm.com\/de\/wp-json\/wp\/v2\/posts"}],"about":[{"href":"https:\/\/psionic-storm.com\/de\/wp-json\/wp\/v2\/types\/post"}],"author":[{"embeddable":true,"href":"https:\/\/psionic-storm.com\/de\/wp-json\/wp\/v2\/users\/1"}],"replies":[{"embeddable":true,"href":"https:\/\/psionic-storm.com\/de\/wp-json\/wp\/v2\/comments?post=2548"}],"version-history":[{"count":0,"href":"https:\/\/psionic-storm.com\/de\/wp-json\/wp\/v2\/posts\/2548\/revisions"}],"wp:attachment":[{"href":"https:\/\/psionic-storm.com\/de\/wp-json\/wp\/v2\/media?parent=2548"}],"wp:term":[{"taxonomy":"category","embeddable":true,"href":"https:\/\/psionic-storm.com\/de\/wp-json\/wp\/v2\/categories?post=2548"},{"taxonomy":"post_tag","embeddable":true,"href":"https:\/\/psionic-storm.com\/de\/wp-json\/wp\/v2\/tags?post=2548"}],"curies":[{"name":"wp","href":"https:\/\/api.w.org\/{rel}","templated":true}]}}