{"id":3328,"date":"2015-12-11T19:36:18","date_gmt":"2015-12-11T17:36:18","guid":{"rendered":"http:\/\/psionic-storm.com\/?p=3328"},"modified":"2016-04-03T09:43:07","modified_gmt":"2016-04-03T07:43:07","slug":"le-voile-dhiver-debutera-la-semaine-prochaine","status":"publish","type":"post","link":"https:\/\/psionic-storm.com\/de\/le-voile-dhiver-debutera-la-semaine-prochaine\/","title":{"rendered":"Le voile d&#8217;hiver d\u00e9butera la semaine prochaine"},"content":{"rendered":"<p><a href=\"https:\/\/psionic-storm.com\/wp-content\/uploads\/heroes-jaina-winter-veil-skin.jpg\" data-rel=\"lightbox-image-0\" data-rl_title=\"\" data-rl_caption=\"\" title=\"\"><img loading=\"lazy\" decoding=\"async\" width=\"896\" height=\"484\" src=\"https:\/\/psionic-storm.com\/wp-content\/uploads\/heroes-jaina-winter-veil-skin-896x484.jpg\" alt=\"Jaina Voile d\u2019hiver\" class=\"aligncenter size-large wp-image-3329\" srcset=\"https:\/\/psionic-storm.com\/wp-content\/uploads\/heroes-jaina-winter-veil-skin-896x484.jpg 896w, https:\/\/psionic-storm.com\/wp-content\/uploads\/heroes-jaina-winter-veil-skin-600x324.jpg 600w, https:\/\/psionic-storm.com\/wp-content\/uploads\/heroes-jaina-winter-veil-skin-768x415.jpg 768w, https:\/\/psionic-storm.com\/wp-content\/uploads\/heroes-jaina-winter-veil-skin.jpg 1480w\" sizes=\"(max-width: 896px) 100vw, 896px\" \/><\/a><\/p>\n<p>Blizzard vient d&#8217;annoncer qu&#8217;un \u00e9v\u00e9nement sera lanc\u00e9 la semaine prochaine afin de f\u00eater no\u00ebl dans le Nexus !<\/p>\n<p>Au programme deux nouvelles qu\u00eates qui vous permettrons de gagner un turbo de 4 jours (en jouant 15 parties) et un turbo de 10 jours (en jouant 50 parties). La monture du gobelin au tr\u00e9sor reviendra en tenue de no\u00ebl et sera jouable gratuitement par tous les joueurs pendant la dur\u00e9e de l&#8217;\u00e9v\u00e9nement avant de dispara\u00eetre. De plus de nouveaux mod\u00e8les feront l&#8217;apparition pour <strong>Balafr\u00e9<\/strong> et <strong>Sylvanas<\/strong> et le prix de <strong>Zagara<\/strong> passera \u00e0 4 000 pi\u00e8ces d&#8217;or !<\/p>\n<div class=\"blizzard\">\n<h6>Le Voile d\u2019hiver commence la semaine prochaine !<\/h6>\n<p><img decoding=\"async\" class=\"article-container__article-banner aligncenter\" src=\"http:\/\/bnetcmsus-a.akamaihd.net\/cms\/blog_header\/7g\/7G9MKHE7D6W51449831963150.jpg\" alt=\"\" \/><\/p>\n<p>L\u2019ann\u00e9e touche \u00e0 sa fin, mais les r\u00e9jouissances du Voile d\u2019hiver sont sur le point de commencer\u00a0! Grand-p\u00e8re Hiver se pr\u00e9pare d\u00e9j\u00e0 \u00e0 r\u00e9pandre la joie dans tout le Nexus, et il y aura assez de cadeaux pour tout le monde.<\/p>\n<div class=\"heroes-blog\">\n<p>Installez-vous confortablement devant votre ordinateur avec une bonne tasse de chocolat chaud, et plongez dans une qu\u00eate d\u2019\u00e9v\u00e8nement sp\u00e9ciale tout en chevauchant votre nouvelle monture festive\u00a0! D\u00e9couvrez ci-dessous les surprises qui vous attendent et pr\u00e9parez-vous pour le d\u00e9but du Voile d\u2019hiver la semaine prochaine.<\/p>\n<\/div>\n<p><img decoding=\"async\" class=\"aligncenter\" src=\"https:\/\/bnetcmsus-a.akamaihd.net\/cms\/content_folder_media\/lq\/LQX12OH54S581407956323002.png\" alt=\"Divider_SkyShapes.png\" data-id=\"15205394\" \/><\/p>\n<h3>NOUVELLE QU\u00caTE D\u2019\u00c9V\u00c8NEMENT\u00a0: 30 JOURS DE VOILE D\u2019HIVER<\/h3>\n<p>Pendant le Voile d\u2019hiver, chaque seconde pass\u00e9e dans le Nexus vous permet de participer \u00e0 la nouvelle qu\u00eate d\u2019\u00e9v\u00e8nement, \u00ab\u00a030 jours de Voile d\u2019hiver\u00a0\u00bb et d&#8217;obtenir des cadeaux\u00a0! Vous pourrez ainsi gagner jusqu\u2019\u00e0 <strong>deux semaines<\/strong> de Turbo <strong>gratuites<\/strong>, rien qu\u2019en jouant \u00e0 <em>Heroes of the Storm<\/em>. Voici les d\u00e9tails\u00a0:<\/p>\n<ul>\n<li><strong>Jouer 15\u00a0parties<\/strong>\u00a0\u2013 Turbo de 4 jours<\/li>\n<li><strong>Jouer 50\u00a0parties<\/strong>\u00a0\u2013 Turbo de 10 jours<\/li>\n<li><em>Remarque\u00a0: chaque partie jou\u00e9e pendant le Voile d\u2019hiver compte pour les deux qu\u00eates d\u2019\u00e9v\u00e8nement.<\/em><\/li>\n<\/ul>\n<p><img decoding=\"async\" class=\"aligncenter\" src=\"https:\/\/bnetcmsus-a.akamaihd.net\/cms\/content_folder_media\/lq\/LQX12OH54S581407956323002.png\" alt=\"Divider_SkyShapes.png\" data-id=\"15205394\" \/><\/p>\n<h3>MONTURE GOBELIN AU TR\u00c9SOR FESTIF<\/h3>\n<p><a class=\"lightbox\" href=\"https:\/\/bnetcmsus-a.akamaihd.net\/cms\/content_folder_media\/13\/13MDHIXSK3N81449708121958.png\" data-rel=\"lightbox-image-1\" data-rl_title=\"\" data-rl_caption=\"\" title=\"\"><img decoding=\"async\" class=\"aligncenter\" src=\"https:\/\/bnetcmsus-a.akamaihd.net\/cms\/content_folder_media\/y3\/Y3FN0PLF9JI71449708111107.png\" alt=\"Heroes_WVGoblin_Thumb_700x250.png\" data-id=\"19984997\" \/><\/a><\/p>\n<p>M\u00eame ce vieux pingre de gobelin au tr\u00e9sor ne peut r\u00e9sister \u00e0 l\u2019ambiance festive\u00a0: il a enfil\u00e9 la tenue de Grand-p\u00e8re Hiver et s\u2019est par\u00e9 de sucres d\u2019orge, de clochettes et de rubans. La monture gobelin au tr\u00e9sor festif arrivera en m\u00eame temps que le Voile d\u2019hiver\u00a0; elle sera disponible pendant une p\u00e9riode limit\u00e9e et ne s\u2019ach\u00e8te pas. Oh que non, ce gobelin au tr\u00e9sor-l\u00e0 est d\u2019humeur g\u00e9n\u00e9reuse et sera accessible \u00e0 tous les joueurs <strong>gratuitement<\/strong> pendant le Voile d\u2019hiver\u00a0! S\u00e9lectionnez cette monture avant de lancer la partie pour r\u00e9pandre quelques flocons de neige dans le Nexus.<\/p>\n<p><img decoding=\"async\" class=\"aligncenter\" src=\"https:\/\/bnetcmsus-a.akamaihd.net\/cms\/content_folder_media\/lq\/LQX12OH54S581407956323002.png\" alt=\"Divider_SkyShapes.png\" data-id=\"15205394\" \/><\/p>\n<h3>NOUVEAUX ARTICLES DU VOILE D\u2019HIVER DANS LA BOUTIQUE<\/h3>\n<p>Comme <a href=\"http:\/\/eu.battle.net\/heroes\/fr\/blog\/19982666\">nous vous l&#8217;avions indiqu\u00e9<\/a>, tous les nouveaux h\u00e9ros, montures, packs et mod\u00e8les ajout\u00e9s avant fin 2015 b\u00e9n\u00e9ficieront d\u2019une r\u00e9duction de 50% sur leur prix en argent r\u00e9el, y compris les nouveaux articles ajout\u00e9s \u00e0 l\u2019occasion du Voile d\u2019hiver. Retrouvez-les ci-dessous\u00a0:<\/p>\n<p><strong>Nouveaux mod\u00e8les<\/strong><\/p>\n<ul>\n<li>Balafr\u00e9 grand-p\u00e8re Hiver<\/li>\n<li>Sylvanas sucre d\u2019orge<\/li>\n<\/ul>\n<p><strong>Nouveaux packs<\/strong><\/p>\n<ul>\n<li><strong>Pack Voile d\u2019hiver\u00a02015<\/strong>\n<ul>\n<li>Sylvanas<\/li>\n<li>Sylvanas sucre d\u2019orge<\/li>\n<li>Balafr\u00e9<\/li>\n<li>Balafr\u00e9 grand-p\u00e8re Hiver<\/li>\n<\/ul>\n<\/li>\n<li><strong>Pack ultime &#8211; Voile d\u2019hiver\u00a02015<\/strong>\n<ul>\n<li>Sylvanas<\/li>\n<li>Sylvanas sucre d\u2019orge<\/li>\n<li>Balafr\u00e9<\/li>\n<li>Balafr\u00e9 grand-p\u00e8re Hiver<\/li>\n<li>Jaina<\/li>\n<li>Jaina Voile d\u2019hiver<\/li>\n<li>Rehgar<\/li>\n<li>Rehgar grand-p\u00e8re Hiver<\/li>\n<li>Renne des neiges<\/li>\n<\/ul>\n<\/li>\n<\/ul>\n<p><strong>Mod\u00e8les limit\u00e9s \u00e0 nouveau disponibles<\/strong><\/p>\n<ul>\n<li>Rehgar grand-p\u00e8re Hiver<\/li>\n<li>Jaina Voile d\u2019hiver<\/li>\n<\/ul>\n<p><strong>Monture limit\u00e9e \u00e0 nouveau disponible<\/strong><\/p>\n<ul>\n<li>Renne des neiges<\/li>\n<\/ul>\n<p><strong>R\u00e9duction de prix<\/strong><\/p>\n<ul>\n<li>Les prix de Zagara seront r\u00e9duits \u00e0 4\u00a0000\u00a0pi\u00e8ces d\u2019or et 6,49 \u20ac.<\/li>\n<\/ul>\n<p><img decoding=\"async\" class=\"aligncenter\" src=\"https:\/\/bnetcmsus-a.akamaihd.net\/cms\/content_folder_media\/lq\/LQX12OH54S581407956323002.png\" alt=\"Divider_SkyShapes.png\" data-id=\"15205394\" \/><\/p>\n<p>Nous esp\u00e9rons vous voir en jeu pour c\u00e9l\u00e9brer avec nous la fin d\u2019ann\u00e9e. Joyeux Voile d\u2019hiver et bonnes f\u00eates\u00a0!<\/p>\n<p><img decoding=\"async\" class=\"aligncenter\" src=\"https:\/\/bnetcmsus-a.akamaihd.net\/cms\/content_folder_media\/g6\/G6G0N80EOC941426801305139.png\" alt=\"\" \/><\/p>\n<\/div>\n","protected":false},"excerpt":{"rendered":"<p><a href=\"https:\/\/psionic-storm.com\/wp-content\/uploads\/heroes-jaina-winter-veil-skin.jpg\" data-rel=\"lightbox-image-0\" data-rl_title=\"\" data-rl_caption=\"\" title=\"\"><\/a><\/p>\n<p>Blizzard vient d&#8217;annoncer qu&#8217;un \u00e9v\u00e9nement sera lanc\u00e9 la semaine prochaine afin de f\u00eater no\u00ebl dans le Nexus !<\/p>\n<p>Au programme deux nouvelles qu\u00eates qui vous permettrons de gagner un turbo de 4 jours (en jouant 15 parties) et un turbo de 10 jours (en jouant 50 parties). La monture du gobelin au tr\u00e9sor reviendra en tenue de no\u00ebl et sera jouable gratuitement par tous les joueurs pendant la dur\u00e9e de l&#8217;\u00e9v\u00e9nement avant de dispara\u00eetre.<\/p>\n<p> <a class=\"more-link\" href=\"https:\/\/psionic-storm.com\/de\/le-voile-dhiver-debutera-la-semaine-prochaine\/\">Lies mehr&nbsp;&raquo;<\/a><\/p>\n","protected":false},"author":1,"featured_media":0,"comment_status":"open","ping_status":"closed","sticky":false,"template":"","format":"standard","meta":{"jetpack_post_was_ever_published":false,"_jetpack_newsletter_access":"","_jetpack_dont_email_post_to_subs":false,"_jetpack_newsletter_tier_id":0,"_jetpack_memberships_contains_paywalled_content":false,"_jetpack_memberships_contains_paid_content":false,"footnotes":"","jetpack_publicize_message":"Le voile d'hiver d\u00e9butera la semaine prochaine : 2 qu\u00eates, nouveaux mod\u00e8les et Zagara passera \u00e0 4 000 pi\u00e8ces d'or !","jetpack_publicize_feature_enabled":true,"jetpack_social_post_already_shared":true,"jetpack_social_options":{"image_generator_settings":{"template":"highway","default_image_id":0,"font":"","enabled":false},"version":2}},"categories":[3,947],"tags":[23,123,581,544,224,587,267],"class_list":["post-3328","post","type-post","status-publish","format-standard","hentry","category-news","category-misc","tag-balafre","tag-jaina","tag-noel","tag-quete","tag-sylvanas","tag-voile-dhiver","tag-zagara"],"yoast_head":"<!-- This site is optimized with the Yoast SEO plugin v27.3 - https:\/\/yoast.com\/product\/yoast-seo-wordpress\/ -->\n<title>Le voile d&#039;hiver d\u00e9butera la semaine prochaine - (English) Psionic Storm - Heroes of the Storm overwhelming!<\/title>\n<meta name=\"robots\" content=\"index, follow, max-snippet:-1, max-image-preview:large, max-video-preview:-1\" \/>\n<link rel=\"canonical\" href=\"https:\/\/psionic-storm.com\/de\/le-voile-dhiver-debutera-la-semaine-prochaine\/\" \/>\n<meta property=\"og:locale\" content=\"de_DE\" \/>\n<meta property=\"og:type\" content=\"article\" \/>\n<meta property=\"og:title\" content=\"Le voile d&#039;hiver d\u00e9butera la semaine prochaine - (English) Psionic Storm - Heroes of the Storm overwhelming!\" \/>\n<meta property=\"og:description\" content=\"Blizzard vient d&#8217;annoncer qu&#8217;un \u00e9v\u00e9nement sera lanc\u00e9 la semaine prochaine afin de f\u00eater no\u00ebl dans le Nexus ! Au programme deux nouvelles qu\u00eates qui vous permettrons de gagner un turbo de 4 jours (en jouant 15 parties) et un turbo de 10 jours (en jouant 50 parties). La monture du gobelin au tr\u00e9sor reviendra en tenue de no\u00ebl et sera jouable gratuitement par tous les joueurs pendant la dur\u00e9e de l&#8217;\u00e9v\u00e9nement avant de dispara\u00eetre. Lies mehr&nbsp;&raquo;\" \/>\n<meta property=\"og:url\" content=\"https:\/\/psionic-storm.com\/de\/le-voile-dhiver-debutera-la-semaine-prochaine\/\" \/>\n<meta property=\"og:site_name\" content=\"(English) Psionic Storm - Heroes of the Storm overwhelming!\" \/>\n<meta property=\"article:publisher\" content=\"https:\/\/www.facebook.com\/psionicstormfr\" \/>\n<meta property=\"article:published_time\" content=\"2015-12-11T17:36:18+00:00\" \/>\n<meta property=\"article:modified_time\" content=\"2016-04-03T07:43:07+00:00\" \/>\n<meta property=\"og:image\" content=\"https:\/\/psionic-storm.com\/wp-content\/uploads\/heroes-jaina-winter-veil-skin-896x484.jpg\" \/>\n<meta name=\"author\" content=\"Croakx\" \/>\n<meta name=\"twitter:card\" content=\"summary_large_image\" \/>\n<meta name=\"twitter:creator\" content=\"@PsionicStormFR\" \/>\n<meta name=\"twitter:site\" content=\"@PsionicStormFR\" \/>\n<meta name=\"twitter:label1\" content=\"Verfasst von\" \/>\n\t<meta name=\"twitter:data1\" content=\"Croakx\" \/>\n\t<meta name=\"twitter:label2\" content=\"Gesch\u00e4tzte Lesezeit\" \/>\n\t<meta name=\"twitter:data2\" content=\"3\u00a0Minuten\" \/>\n<script type=\"application\/ld+json\" class=\"yoast-schema-graph\">{\"@context\":\"https:\\\/\\\/schema.org\",\"@graph\":[{\"@type\":\"Article\",\"@id\":\"https:\\\/\\\/psionic-storm.com\\\/de\\\/le-voile-dhiver-debutera-la-semaine-prochaine\\\/#article\",\"isPartOf\":{\"@id\":\"https:\\\/\\\/psionic-storm.com\\\/de\\\/le-voile-dhiver-debutera-la-semaine-prochaine\\\/\"},\"author\":{\"name\":\"Croakx\",\"@id\":\"https:\\\/\\\/psionic-storm.com\\\/en\\\/#\\\/schema\\\/person\\\/2490e324575449a7a620425865d31515\"},\"headline\":\"Le voile d&#8217;hiver d\u00e9butera la semaine prochaine\",\"datePublished\":\"2015-12-11T17:36:18+00:00\",\"dateModified\":\"2016-04-03T07:43:07+00:00\",\"mainEntityOfPage\":{\"@id\":\"https:\\\/\\\/psionic-storm.com\\\/de\\\/le-voile-dhiver-debutera-la-semaine-prochaine\\\/\"},\"wordCount\":616,\"commentCount\":0,\"publisher\":{\"@id\":\"https:\\\/\\\/psionic-storm.com\\\/en\\\/#organization\"},\"image\":{\"@id\":\"https:\\\/\\\/psionic-storm.com\\\/de\\\/le-voile-dhiver-debutera-la-semaine-prochaine\\\/#primaryimage\"},\"thumbnailUrl\":\"https:\\\/\\\/psionic-storm.com\\\/wp-content\\\/uploads\\\/heroes-jaina-winter-veil-skin-896x484.jpg\",\"keywords\":[\"Balafr\u00e9\",\"Jaina\",\"noel\",\"qu\u00eate\",\"Sylvanas\",\"voile d'hiver\",\"Zagara\"],\"articleSection\":[\"News\",\"Misc\"],\"inLanguage\":\"de\",\"potentialAction\":[{\"@type\":\"CommentAction\",\"name\":\"Comment\",\"target\":[\"https:\\\/\\\/psionic-storm.com\\\/de\\\/le-voile-dhiver-debutera-la-semaine-prochaine\\\/#respond\"]}]},{\"@type\":\"WebPage\",\"@id\":\"https:\\\/\\\/psionic-storm.com\\\/de\\\/le-voile-dhiver-debutera-la-semaine-prochaine\\\/\",\"url\":\"https:\\\/\\\/psionic-storm.com\\\/de\\\/le-voile-dhiver-debutera-la-semaine-prochaine\\\/\",\"name\":\"Le voile d'hiver d\u00e9butera la semaine prochaine - (English) Psionic Storm - Heroes of the Storm overwhelming!\",\"isPartOf\":{\"@id\":\"https:\\\/\\\/psionic-storm.com\\\/de\\\/#website\"},\"primaryImageOfPage\":{\"@id\":\"https:\\\/\\\/psionic-storm.com\\\/de\\\/le-voile-dhiver-debutera-la-semaine-prochaine\\\/#primaryimage\"},\"image\":{\"@id\":\"https:\\\/\\\/psionic-storm.com\\\/de\\\/le-voile-dhiver-debutera-la-semaine-prochaine\\\/#primaryimage\"},\"thumbnailUrl\":\"https:\\\/\\\/psionic-storm.com\\\/wp-content\\\/uploads\\\/heroes-jaina-winter-veil-skin-896x484.jpg\",\"datePublished\":\"2015-12-11T17:36:18+00:00\",\"dateModified\":\"2016-04-03T07:43:07+00:00\",\"breadcrumb\":{\"@id\":\"https:\\\/\\\/psionic-storm.com\\\/de\\\/le-voile-dhiver-debutera-la-semaine-prochaine\\\/#breadcrumb\"},\"inLanguage\":\"de\",\"potentialAction\":[{\"@type\":\"ReadAction\",\"target\":[[\"https:\\\/\\\/psionic-storm.com\\\/de\\\/le-voile-dhiver-debutera-la-semaine-prochaine\\\/\"]]}]},{\"@type\":\"ImageObject\",\"inLanguage\":\"de\",\"@id\":\"https:\\\/\\\/psionic-storm.com\\\/de\\\/le-voile-dhiver-debutera-la-semaine-prochaine\\\/#primaryimage\",\"url\":\"https:\\\/\\\/psionic-storm.com\\\/wp-content\\\/uploads\\\/heroes-jaina-winter-veil-skin-896x484.jpg\",\"contentUrl\":\"https:\\\/\\\/psionic-storm.com\\\/wp-content\\\/uploads\\\/heroes-jaina-winter-veil-skin-896x484.jpg\"},{\"@type\":\"BreadcrumbList\",\"@id\":\"https:\\\/\\\/psionic-storm.com\\\/de\\\/le-voile-dhiver-debutera-la-semaine-prochaine\\\/#breadcrumb\",\"itemListElement\":[{\"@type\":\"ListItem\",\"position\":1,\"name\":\"Accueil\",\"item\":\"https:\\\/\\\/psionic-storm.com\\\/de\\\/\"},{\"@type\":\"ListItem\",\"position\":2,\"name\":\"Le voile d&#8217;hiver d\u00e9butera la semaine prochaine\"}]},{\"@type\":\"WebSite\",\"@id\":\"https:\\\/\\\/psionic-storm.com\\\/de\\\/#website\",\"url\":\"https:\\\/\\\/psionic-storm.com\\\/de\\\/\",\"name\":\"(English) Psionic Storm - Heroes of the Storm overwhelming!\",\"description\":\"(English) Talents, builds and stats for Heroes of the Storm by Blizzard\",\"publisher\":{\"@id\":\"https:\\\/\\\/psionic-storm.com\\\/de\\\/#organization\"},\"potentialAction\":[{\"@type\":\"SearchAction\",\"target\":{\"@type\":\"EntryPoint\",\"urlTemplate\":\"https:\\\/\\\/psionic-storm.com\\\/de\\\/?s={search_term_string}\"},\"query-input\":{\"@type\":\"PropertyValueSpecification\",\"valueRequired\":true,\"valueName\":\"search_term_string\"}}],\"inLanguage\":\"de\"},{\"@type\":\"Organization\",\"@id\":\"https:\\\/\\\/psionic-storm.com\\\/de\\\/#organization\",\"name\":\"Psionic Storm\",\"url\":\"https:\\\/\\\/psionic-storm.com\\\/de\\\/\",\"logo\":{\"@type\":\"ImageObject\",\"inLanguage\":\"de\",\"@id\":\"https:\\\/\\\/psionic-storm.com\\\/de\\\/#\\\/schema\\\/logo\\\/image\\\/\",\"url\":\"https:\\\/\\\/psionic-storm.com\\\/wp-content\\\/uploads\\\/2015\\\/04\\\/logo.png\",\"contentUrl\":\"https:\\\/\\\/psionic-storm.com\\\/wp-content\\\/uploads\\\/2015\\\/04\\\/logo.png\",\"width\":374,\"height\":158,\"caption\":\"Psionic Storm\"},\"image\":{\"@id\":\"https:\\\/\\\/psionic-storm.com\\\/de\\\/#\\\/schema\\\/logo\\\/image\\\/\"},\"sameAs\":[\"https:\\\/\\\/www.facebook.com\\\/psionicstormfr\",\"https:\\\/\\\/x.com\\\/PsionicStormFR\",\"https:\\\/\\\/www.youtube.com\\\/channel\\\/UCqD35J5WYsEehJCjPqYXXNw\"]},{\"@type\":\"Person\",\"@id\":\"https:\\\/\\\/psionic-storm.com\\\/en\\\/#\\\/schema\\\/person\\\/2490e324575449a7a620425865d31515\",\"name\":\"Croakx\",\"image\":{\"@type\":\"ImageObject\",\"inLanguage\":\"de\",\"@id\":\"https:\\\/\\\/secure.gravatar.com\\\/avatar\\\/8c3dfcc4f58f1cc98e9a3eb28a33b5cece6eb2b16ada57417389d572c4a5d9a7?s=96&d=https%3A%2F%2Fpsionic-storm.com%2Fwp-content%2Fthemes%2Fpsionicstorm%2Fimg%2Fgravatar.jpg&r=g\",\"url\":\"https:\\\/\\\/secure.gravatar.com\\\/avatar\\\/8c3dfcc4f58f1cc98e9a3eb28a33b5cece6eb2b16ada57417389d572c4a5d9a7?s=96&d=https%3A%2F%2Fpsionic-storm.com%2Fwp-content%2Fthemes%2Fpsionicstorm%2Fimg%2Fgravatar.jpg&r=g\",\"contentUrl\":\"https:\\\/\\\/secure.gravatar.com\\\/avatar\\\/8c3dfcc4f58f1cc98e9a3eb28a33b5cece6eb2b16ada57417389d572c4a5d9a7?s=96&d=https%3A%2F%2Fpsionic-storm.com%2Fwp-content%2Fthemes%2Fpsionicstorm%2Fimg%2Fgravatar.jpg&r=g\",\"caption\":\"Croakx\"},\"sameAs\":[\"https:\\\/\\\/psionic-storm.com\"],\"url\":\"https:\\\/\\\/psionic-storm.com\\\/de\\\/author\\\/croakx\\\/\"}]}<\/script>\n<!-- \/ Yoast SEO plugin. -->","yoast_head_json":{"title":"Le voile d'hiver d\u00e9butera la semaine prochaine - (English) Psionic Storm - Heroes of the Storm overwhelming!","robots":{"index":"index","follow":"follow","max-snippet":"max-snippet:-1","max-image-preview":"max-image-preview:large","max-video-preview":"max-video-preview:-1"},"canonical":"https:\/\/psionic-storm.com\/de\/le-voile-dhiver-debutera-la-semaine-prochaine\/","og_locale":"de_DE","og_type":"article","og_title":"Le voile d'hiver d\u00e9butera la semaine prochaine - (English) Psionic Storm - Heroes of the Storm overwhelming!","og_description":"Blizzard vient d&#8217;annoncer qu&#8217;un \u00e9v\u00e9nement sera lanc\u00e9 la semaine prochaine afin de f\u00eater no\u00ebl dans le Nexus ! Au programme deux nouvelles qu\u00eates qui vous permettrons de gagner un turbo de 4 jours (en jouant 15 parties) et un turbo de 10 jours (en jouant 50 parties). La monture du gobelin au tr\u00e9sor reviendra en tenue de no\u00ebl et sera jouable gratuitement par tous les joueurs pendant la dur\u00e9e de l&#8217;\u00e9v\u00e9nement avant de dispara\u00eetre. Lies mehr&nbsp;&raquo;","og_url":"https:\/\/psionic-storm.com\/de\/le-voile-dhiver-debutera-la-semaine-prochaine\/","og_site_name":"(English) Psionic Storm - Heroes of the Storm overwhelming!","article_publisher":"https:\/\/www.facebook.com\/psionicstormfr","article_published_time":"2015-12-11T17:36:18+00:00","article_modified_time":"2016-04-03T07:43:07+00:00","og_image":[{"url":"https:\/\/psionic-storm.com\/wp-content\/uploads\/heroes-jaina-winter-veil-skin-896x484.jpg","type":"","width":"","height":""}],"author":"Croakx","twitter_card":"summary_large_image","twitter_creator":"@PsionicStormFR","twitter_site":"@PsionicStormFR","twitter_misc":{"Verfasst von":"Croakx","Gesch\u00e4tzte Lesezeit":"3\u00a0Minuten"},"schema":{"@context":"https:\/\/schema.org","@graph":[{"@type":"Article","@id":"https:\/\/psionic-storm.com\/de\/le-voile-dhiver-debutera-la-semaine-prochaine\/#article","isPartOf":{"@id":"https:\/\/psionic-storm.com\/de\/le-voile-dhiver-debutera-la-semaine-prochaine\/"},"author":{"name":"Croakx","@id":"https:\/\/psionic-storm.com\/en\/#\/schema\/person\/2490e324575449a7a620425865d31515"},"headline":"Le voile d&#8217;hiver d\u00e9butera la semaine prochaine","datePublished":"2015-12-11T17:36:18+00:00","dateModified":"2016-04-03T07:43:07+00:00","mainEntityOfPage":{"@id":"https:\/\/psionic-storm.com\/de\/le-voile-dhiver-debutera-la-semaine-prochaine\/"},"wordCount":616,"commentCount":0,"publisher":{"@id":"https:\/\/psionic-storm.com\/en\/#organization"},"image":{"@id":"https:\/\/psionic-storm.com\/de\/le-voile-dhiver-debutera-la-semaine-prochaine\/#primaryimage"},"thumbnailUrl":"https:\/\/psionic-storm.com\/wp-content\/uploads\/heroes-jaina-winter-veil-skin-896x484.jpg","keywords":["Balafr\u00e9","Jaina","noel","qu\u00eate","Sylvanas","voile d'hiver","Zagara"],"articleSection":["News","Misc"],"inLanguage":"de","potentialAction":[{"@type":"CommentAction","name":"Comment","target":["https:\/\/psionic-storm.com\/de\/le-voile-dhiver-debutera-la-semaine-prochaine\/#respond"]}]},{"@type":"WebPage","@id":"https:\/\/psionic-storm.com\/de\/le-voile-dhiver-debutera-la-semaine-prochaine\/","url":"https:\/\/psionic-storm.com\/de\/le-voile-dhiver-debutera-la-semaine-prochaine\/","name":"Le voile d'hiver d\u00e9butera la semaine prochaine - (English) Psionic Storm - Heroes of the Storm overwhelming!","isPartOf":{"@id":"https:\/\/psionic-storm.com\/de\/#website"},"primaryImageOfPage":{"@id":"https:\/\/psionic-storm.com\/de\/le-voile-dhiver-debutera-la-semaine-prochaine\/#primaryimage"},"image":{"@id":"https:\/\/psionic-storm.com\/de\/le-voile-dhiver-debutera-la-semaine-prochaine\/#primaryimage"},"thumbnailUrl":"https:\/\/psionic-storm.com\/wp-content\/uploads\/heroes-jaina-winter-veil-skin-896x484.jpg","datePublished":"2015-12-11T17:36:18+00:00","dateModified":"2016-04-03T07:43:07+00:00","breadcrumb":{"@id":"https:\/\/psionic-storm.com\/de\/le-voile-dhiver-debutera-la-semaine-prochaine\/#breadcrumb"},"inLanguage":"de","potentialAction":[{"@type":"ReadAction","target":[["https:\/\/psionic-storm.com\/de\/le-voile-dhiver-debutera-la-semaine-prochaine\/"]]}]},{"@type":"ImageObject","inLanguage":"de","@id":"https:\/\/psionic-storm.com\/de\/le-voile-dhiver-debutera-la-semaine-prochaine\/#primaryimage","url":"https:\/\/psionic-storm.com\/wp-content\/uploads\/heroes-jaina-winter-veil-skin-896x484.jpg","contentUrl":"https:\/\/psionic-storm.com\/wp-content\/uploads\/heroes-jaina-winter-veil-skin-896x484.jpg"},{"@type":"BreadcrumbList","@id":"https:\/\/psionic-storm.com\/de\/le-voile-dhiver-debutera-la-semaine-prochaine\/#breadcrumb","itemListElement":[{"@type":"ListItem","position":1,"name":"Accueil","item":"https:\/\/psionic-storm.com\/de\/"},{"@type":"ListItem","position":2,"name":"Le voile d&#8217;hiver d\u00e9butera la semaine prochaine"}]},{"@type":"WebSite","@id":"https:\/\/psionic-storm.com\/de\/#website","url":"https:\/\/psionic-storm.com\/de\/","name":"(English) Psionic Storm - Heroes of the Storm overwhelming!","description":"(English) Talents, builds and stats for Heroes of the Storm by Blizzard","publisher":{"@id":"https:\/\/psionic-storm.com\/de\/#organization"},"potentialAction":[{"@type":"SearchAction","target":{"@type":"EntryPoint","urlTemplate":"https:\/\/psionic-storm.com\/de\/?s={search_term_string}"},"query-input":{"@type":"PropertyValueSpecification","valueRequired":true,"valueName":"search_term_string"}}],"inLanguage":"de"},{"@type":"Organization","@id":"https:\/\/psionic-storm.com\/de\/#organization","name":"Psionic Storm","url":"https:\/\/psionic-storm.com\/de\/","logo":{"@type":"ImageObject","inLanguage":"de","@id":"https:\/\/psionic-storm.com\/de\/#\/schema\/logo\/image\/","url":"https:\/\/psionic-storm.com\/wp-content\/uploads\/2015\/04\/logo.png","contentUrl":"https:\/\/psionic-storm.com\/wp-content\/uploads\/2015\/04\/logo.png","width":374,"height":158,"caption":"Psionic Storm"},"image":{"@id":"https:\/\/psionic-storm.com\/de\/#\/schema\/logo\/image\/"},"sameAs":["https:\/\/www.facebook.com\/psionicstormfr","https:\/\/x.com\/PsionicStormFR","https:\/\/www.youtube.com\/channel\/UCqD35J5WYsEehJCjPqYXXNw"]},{"@type":"Person","@id":"https:\/\/psionic-storm.com\/en\/#\/schema\/person\/2490e324575449a7a620425865d31515","name":"Croakx","image":{"@type":"ImageObject","inLanguage":"de","@id":"https:\/\/secure.gravatar.com\/avatar\/8c3dfcc4f58f1cc98e9a3eb28a33b5cece6eb2b16ada57417389d572c4a5d9a7?s=96&d=https%3A%2F%2Fpsionic-storm.com%2Fwp-content%2Fthemes%2Fpsionicstorm%2Fimg%2Fgravatar.jpg&r=g","url":"https:\/\/secure.gravatar.com\/avatar\/8c3dfcc4f58f1cc98e9a3eb28a33b5cece6eb2b16ada57417389d572c4a5d9a7?s=96&d=https%3A%2F%2Fpsionic-storm.com%2Fwp-content%2Fthemes%2Fpsionicstorm%2Fimg%2Fgravatar.jpg&r=g","contentUrl":"https:\/\/secure.gravatar.com\/avatar\/8c3dfcc4f58f1cc98e9a3eb28a33b5cece6eb2b16ada57417389d572c4a5d9a7?s=96&d=https%3A%2F%2Fpsionic-storm.com%2Fwp-content%2Fthemes%2Fpsionicstorm%2Fimg%2Fgravatar.jpg&r=g","caption":"Croakx"},"sameAs":["https:\/\/psionic-storm.com"],"url":"https:\/\/psionic-storm.com\/de\/author\/croakx\/"}]}},"jetpack_publicize_connections":[],"jetpack_featured_media_url":"","jetpack_sharing_enabled":true,"jetpack_shortlink":"https:\/\/wp.me\/p6YPgm-RG","jetpack-related-posts":[{"id":3119,"url":"https:\/\/psionic-storm.com\/de\/datamining-sur-le-ptr-nouveaux-packs-modeles-et-turbo\/","url_meta":{"origin":3328,"position":0},"title":"Datamining sur le PTR : nouveaux packs, mod\u00e8les et turbo","author":"Croakx","date":"Dienstag, der 10. November 2015","format":false,"excerpt":"Nos confr\u00e8res de chez HeroesNexus ont datamin\u00e9 un patch d\u00e9ploy\u00e9 sur les serveurs PTR. Ils contient toutes les informations concernant Cho'gall, ainsi que des nouveaux packs, mod\u00e8les et un nouveau turbo. Nouveaux mod\u00e8les L\u00e9oric de l'espace Balafr\u00e9 grand-p\u00e8re Hiver Winter Plum Sylvanas Cho'Gall corrupteur Nouvelle monture : Traqueur gangren\u00e9 Cette\u2026","rel":"","context":"In &quot;News&quot;","block_context":{"text":"News","link":"https:\/\/psionic-storm.com\/de\/categories\/news\/"},"img":{"alt_text":"","src":"https:\/\/i0.wp.com\/psionic-storm.com\/wp-content\/uploads\/monture-traqueur-gangrene.jpg?resize=350%2C200&ssl=1","width":350,"height":200,"srcset":"https:\/\/i0.wp.com\/psionic-storm.com\/wp-content\/uploads\/monture-traqueur-gangrene.jpg?resize=350%2C200&ssl=1 1x, https:\/\/i0.wp.com\/psionic-storm.com\/wp-content\/uploads\/monture-traqueur-gangrene.jpg?resize=525%2C300&ssl=1 1.5x"},"classes":[]},{"id":3559,"url":"https:\/\/psionic-storm.com\/de\/patch-notes-grisetete\/","url_meta":{"origin":3328,"position":1},"title":"Patch notes : Griset\u00eate","author":"Croakx","date":"Mittwoch, der 13. Januar 2016","format":false,"excerpt":"Griset\u00eate est sorti accompagn\u00e9 d'un micro patch qui n'apporte rien de nouveaux si ce n'est la disparition des packs du Voile d'hiver ainsi que les qu\u00eates li\u00e9es \u00e0 Cho'gall et une correction de bug pour L\u00e9oric. Le prochain patch qui devrait apporter quelques modifications sur l'\u00e9quilibrage des h\u00e9ros devrait sortir\u2026","rel":"","context":"In &quot;News&quot;","block_context":{"text":"News","link":"https:\/\/psionic-storm.com\/de\/categories\/news\/"},"img":{"alt_text":"Psionic Storm Patch Notes","src":"https:\/\/i0.wp.com\/psionic-storm.com\/wp-content\/uploads\/2015\/06\/patch-notes-896x498.jpg?resize=350%2C200&ssl=1","width":350,"height":200,"srcset":"https:\/\/i0.wp.com\/psionic-storm.com\/wp-content\/uploads\/2015\/06\/patch-notes-896x498.jpg?resize=350%2C200&ssl=1 1x, https:\/\/i0.wp.com\/psionic-storm.com\/wp-content\/uploads\/2015\/06\/patch-notes-896x498.jpg?resize=525%2C300&ssl=1 1.5x, https:\/\/i0.wp.com\/psionic-storm.com\/wp-content\/uploads\/2015\/06\/patch-notes-896x498.jpg?resize=700%2C400&ssl=1 2x"},"classes":[]},{"id":3531,"url":"https:\/\/psionic-storm.com\/de\/le-voile-dhiver-prendra-fin-le-12-janvier\/","url_meta":{"origin":3328,"position":2},"title":"Le Voile d&#8217;hiver prendra fin le 12 janvier","author":"Croakx","date":"Sonntag, der 10. Januar 2016","format":false,"excerpt":"Si vous n'avez pas encore fini vos qu\u00eates du Voile d'hiver d\u00e9bloquant les turbos ou si vous souhaitez acheter l'un des packs disponible uniquement pendant cet \u00e9v\u00e9nement, il est temps de vous d\u00e9p\u00eacher ! En effet le Voile d'hiver prendra fin le mardi 12 Janvier 2016. Et puis si vous\u2026","rel":"","context":"In &quot;News&quot;","block_context":{"text":"News","link":"https:\/\/psionic-storm.com\/de\/categories\/news\/"},"img":{"alt_text":"Le voile d'hiver","src":"https:\/\/i0.wp.com\/psionic-storm.com\/wp-content\/uploads\/voile-dhiver-896x490.jpg?resize=350%2C200&ssl=1","width":350,"height":200,"srcset":"https:\/\/i0.wp.com\/psionic-storm.com\/wp-content\/uploads\/voile-dhiver-896x490.jpg?resize=350%2C200&ssl=1 1x, https:\/\/i0.wp.com\/psionic-storm.com\/wp-content\/uploads\/voile-dhiver-896x490.jpg?resize=525%2C300&ssl=1 1.5x, https:\/\/i0.wp.com\/psionic-storm.com\/wp-content\/uploads\/voile-dhiver-896x490.jpg?resize=700%2C400&ssl=1 2x"},"classes":[]},{"id":3362,"url":"https:\/\/psionic-storm.com\/de\/patch-notes-lunara\/","url_meta":{"origin":3328,"position":3},"title":"Patch notes : Lunara","author":"Croakx","date":"Dienstag, der 15. Dezember 2015","format":false,"excerpt":"Blizzard vient de mettre en ligne le patch notes sur son site US. Au programme, en plus de la sortie de Lunara et de l'arriv\u00e9e du Voile d'hiver, des modifications au niveau des bordures de portrait pendant l'\u00e9cran de chargement, il sera aussi possible de voir quel joueur est dans\u2026","rel":"","context":"In &quot;News&quot;","block_context":{"text":"News","link":"https:\/\/psionic-storm.com\/de\/categories\/news\/"},"img":{"alt_text":"Psionic Storm Patch Notes","src":"https:\/\/i0.wp.com\/psionic-storm.com\/wp-content\/uploads\/2015\/06\/patch-notes-896x498.jpg?resize=350%2C200&ssl=1","width":350,"height":200,"srcset":"https:\/\/i0.wp.com\/psionic-storm.com\/wp-content\/uploads\/2015\/06\/patch-notes-896x498.jpg?resize=350%2C200&ssl=1 1x, https:\/\/i0.wp.com\/psionic-storm.com\/wp-content\/uploads\/2015\/06\/patch-notes-896x498.jpg?resize=525%2C300&ssl=1 1.5x, https:\/\/i0.wp.com\/psionic-storm.com\/wp-content\/uploads\/2015\/06\/patch-notes-896x498.jpg?resize=700%2C400&ssl=1 2x"},"classes":[]},{"id":15845,"url":"https:\/\/psionic-storm.com\/de\/patch-notes-equilibrage-du-19-decembre-2018\/","url_meta":{"origin":3328,"position":4},"title":"Patch notes : \u00e9quilibrage du 19 d\u00e9cembre 2018","author":"HerrVigg","date":"Mittwoch, der 19. Dezember 2018","format":false,"excerpt":"Et non Heroes n'est pas encore mort ! Notre bien-aim\u00e9e Blizzard \u00e9quipe de d\u00e9veloppeurs Heroes a d\u00e9ploy\u00e9 un patch d'\u00e9quilibrage assez cons\u00e9quent juste avant les f\u00eates de No\u00ebl. En particulier on notera un bon nerf pour , un buff pour et m\u00eame un aussi pour . Le v\u00e9n\u00e9rable avait aussi\u2026","rel":"","context":"In &quot;News&quot;","block_context":{"text":"News","link":"https:\/\/psionic-storm.com\/de\/categories\/news\/"},"img":{"alt_text":"","src":"https:\/\/i0.wp.com\/psionic-storm.com\/wp-content\/uploads\/2015\/06\/patch-notes-896x498.jpg?resize=350%2C200&ssl=1","width":350,"height":200,"srcset":"https:\/\/i0.wp.com\/psionic-storm.com\/wp-content\/uploads\/2015\/06\/patch-notes-896x498.jpg?resize=350%2C200&ssl=1 1x, https:\/\/i0.wp.com\/psionic-storm.com\/wp-content\/uploads\/2015\/06\/patch-notes-896x498.jpg?resize=525%2C300&ssl=1 1.5x, https:\/\/i0.wp.com\/psionic-storm.com\/wp-content\/uploads\/2015\/06\/patch-notes-896x498.jpg?resize=700%2C400&ssl=1 2x"},"classes":[]},{"id":857,"url":"https:\/\/psionic-storm.com\/de\/patch-note-johanna\/","url_meta":{"origin":3328,"position":5},"title":"Patch Note : Johanna","author":"Croakx","date":"Mittwoch, der  3. Juni 2015","format":false,"excerpt":"L'h\u00e9ro\u00efne tant attendue est enfin l\u00e0, Johanna fait d\u00e9sormais partie du nexus ! Voici le patch note en d\u00e9tails : Partout dans le monde aujourd\u2019hui, des portails vont s\u2019ouvrir vers le Nexus pour permettre aux nouveaux joueurs de foncer au c\u0153ur de la m\u00eal\u00e9e pour la premi\u00e8re fois. Et pour\u2026","rel":"","context":"In &quot;News&quot;","block_context":{"text":"News","link":"https:\/\/psionic-storm.com\/de\/categories\/news\/"},"img":{"alt_text":"","src":"https:\/\/i0.wp.com\/psionic-storm.com\/wp-content\/uploads\/2015\/06\/patch-heroes-of-the-storm.jpg?resize=350%2C200&ssl=1","width":350,"height":200,"srcset":"https:\/\/i0.wp.com\/psionic-storm.com\/wp-content\/uploads\/2015\/06\/patch-heroes-of-the-storm.jpg?resize=350%2C200&ssl=1 1x, https:\/\/i0.wp.com\/psionic-storm.com\/wp-content\/uploads\/2015\/06\/patch-heroes-of-the-storm.jpg?resize=525%2C300&ssl=1 1.5x, https:\/\/i0.wp.com\/psionic-storm.com\/wp-content\/uploads\/2015\/06\/patch-heroes-of-the-storm.jpg?resize=700%2C400&ssl=1 2x"},"classes":[]}],"_links":{"self":[{"href":"https:\/\/psionic-storm.com\/de\/wp-json\/wp\/v2\/posts\/3328","targetHints":{"allow":["GET"]}}],"collection":[{"href":"https:\/\/psionic-storm.com\/de\/wp-json\/wp\/v2\/posts"}],"about":[{"href":"https:\/\/psionic-storm.com\/de\/wp-json\/wp\/v2\/types\/post"}],"author":[{"embeddable":true,"href":"https:\/\/psionic-storm.com\/de\/wp-json\/wp\/v2\/users\/1"}],"replies":[{"embeddable":true,"href":"https:\/\/psionic-storm.com\/de\/wp-json\/wp\/v2\/comments?post=3328"}],"version-history":[{"count":0,"href":"https:\/\/psionic-storm.com\/de\/wp-json\/wp\/v2\/posts\/3328\/revisions"}],"wp:attachment":[{"href":"https:\/\/psionic-storm.com\/de\/wp-json\/wp\/v2\/media?parent=3328"}],"wp:term":[{"taxonomy":"category","embeddable":true,"href":"https:\/\/psionic-storm.com\/de\/wp-json\/wp\/v2\/categories?post=3328"},{"taxonomy":"post_tag","embeddable":true,"href":"https:\/\/psionic-storm.com\/de\/wp-json\/wp\/v2\/tags?post=3328"}],"curies":[{"name":"wp","href":"https:\/\/api.w.org\/{rel}","templated":true}]}}