{"id":2769,"date":"2015-10-09T17:01:12","date_gmt":"2015-10-09T15:01:12","guid":{"rendered":"http:\/\/psionic-storm.com\/?p=2769"},"modified":"2016-04-04T16:34:48","modified_gmt":"2016-04-04T14:34:48","slug":"les-rendez-vous-heroes-of-the-storm-de-la-blizzcon-2015","status":"publish","type":"post","link":"https:\/\/psionic-storm.com\/fr\/les-rendez-vous-heroes-of-the-storm-de-la-blizzcon-2015\/","title":{"rendered":"Les rendez-vous Heroes of the Storm de la Blizzcon 2015"},"content":{"rendered":"<p><a href=\"https:\/\/psionic-storm.com\/wp-content\/uploads\/BlizzCon-Logo.jpg\" data-rel=\"lightbox-image-0\" data-rl_title=\"\" data-rl_caption=\"\" title=\"\"><img loading=\"lazy\" decoding=\"async\" width=\"896\" height=\"504\" src=\"https:\/\/psionic-storm.com\/wp-content\/uploads\/BlizzCon-Logo-896x504.jpg\" alt=\"Logo BlizzCon\" class=\"aligncenter size-large wp-image-2770\" data-wp-pid=\"2770\" srcset=\"https:\/\/psionic-storm.com\/wp-content\/uploads\/BlizzCon-Logo-896x504.jpg 896w, https:\/\/psionic-storm.com\/wp-content\/uploads\/BlizzCon-Logo-600x338.jpg 600w, https:\/\/psionic-storm.com\/wp-content\/uploads\/BlizzCon-Logo-768x432.jpg 768w, https:\/\/psionic-storm.com\/wp-content\/uploads\/BlizzCon-Logo-1536x864.jpg 1536w, https:\/\/psionic-storm.com\/wp-content\/uploads\/BlizzCon-Logo.jpg 1600w\" sizes=\"(max-width: 896px) 100vw, 896px\" \/><\/a><\/p>\n<p>L&rsquo;heure de la <strong>Blizzcon<\/strong> approche et <strong>Blizzard<\/strong> en profite pour nous <a href=\"http:\/\/eu.battle.net\/blizzcon\/fr\/event-info\/schedule\/friday\">d\u00e9voiler le programme<\/a>. Voici les \u00e9v\u00e9nements de <strong>Heroes of the Storm<\/strong> \u00e0 ne pas rater :<\/p>\n<p><em>Vendredi 6 novembre<\/em><\/p>\n<p><strong>Heroes of the Storm : Design des h\u00e9ros (23h15 &#8211; 00h15)<\/strong><br \/>\nRejoignez l&rsquo;\u00e9quipe de d\u00e9veloppement afin de jeter un coup d&rsquo;oeil sur les nouveaux H\u00e9ros qui rejoindront le Nexus.<\/p>\n<p>&nbsp;<br \/>\n<em>Samedi 7 novembre<\/em><\/p>\n<p><strong>Heroes of the Storm : L&rsquo;\u00e9tat actuel du jeu (20h30 &#8211; 21h30)<\/strong><br \/>\nL&rsquo;\u00e9quipe de d\u00e9veloppement nous parle de comment le jeu a \u00e9volu\u00e9 et quelle direction il prend, des changements \u00e0 venir pour les h\u00e9ros ainsi champs de bataille et talents. <\/p>\n<p><strong>Heroes of the Storm : Les champs de bataille  (1h00 &#8211; 2h00)<\/strong><br \/>\nVoyage au coeur des champs de bataille du Nexus avec un aper\u00e7u des nouveaux lieux et objectifs \u00e0 venir.<\/p>\n","protected":false},"excerpt":{"rendered":"<p><a href=\"https:\/\/psionic-storm.com\/wp-content\/uploads\/BlizzCon-Logo.jpg\" data-rel=\"lightbox-image-0\" data-rl_title=\"\" data-rl_caption=\"\" title=\"\"><\/a><\/p>\n<p>L&rsquo;heure de la <strong>Blizzcon<\/strong> approche et <strong>Blizzard<\/strong> en profite pour nous <a href=\"http:\/\/eu.battle.net\/blizzcon\/fr\/event-info\/schedule\/friday\">d\u00e9voiler le programme<\/a>. Voici les \u00e9v\u00e9nements de <strong>Heroes of the Storm<\/strong> \u00e0 ne pas rater :<\/p>\n<p><em>Vendredi 6 novembre<\/em><\/p>\n<p><strong>Heroes of the Storm : Design des h\u00e9ros (23h15 &#8211; 00h15)<\/strong><br \/>\nRejoignez l&rsquo;\u00e9quipe de d\u00e9veloppement afin de jeter un coup d&rsquo;oeil sur les nouveaux H\u00e9ros qui rejoindront le Nexus.<\/p>\n<p> <a class=\"more-link\" href=\"https:\/\/psionic-storm.com\/fr\/les-rendez-vous-heroes-of-the-storm-de-la-blizzcon-2015\/\">Lire la suite&nbsp;&raquo;<\/a><\/p>\n","protected":false},"author":1,"featured_media":0,"comment_status":"open","ping_status":"closed","sticky":false,"template":"","format":"standard","meta":{"jetpack_post_was_ever_published":false,"_jetpack_newsletter_access":"","_jetpack_dont_email_post_to_subs":false,"_jetpack_newsletter_tier_id":0,"_jetpack_memberships_contains_paywalled_content":false,"_jetpack_memberships_contains_paid_content":false,"footnotes":"","jetpack_publicize_message":"","jetpack_publicize_feature_enabled":true,"jetpack_social_post_already_shared":false,"jetpack_social_options":{"image_generator_settings":{"template":"highway","default_image_id":0,"font":"","enabled":false},"version":2}},"categories":[3,947],"tags":[478,479,480,391,117],"class_list":["post-2769","post","type-post","status-publish","format-standard","hentry","category-news","category-misc","tag-blizzcon","tag-champs-de-bataille","tag-equilibrage","tag-heroes","tag-heros"],"yoast_head":"<!-- This site is optimized with the Yoast SEO plugin v27.3 - https:\/\/yoast.com\/product\/yoast-seo-wordpress\/ -->\n<title>Les rendez-vous Heroes of the Storm de la Blizzcon 2015 - Psionic Storm - L&#039;actualit\u00e9 Heroes of the Storm en Fran\u00e7ais<\/title>\n<meta name=\"robots\" content=\"index, follow, max-snippet:-1, max-image-preview:large, max-video-preview:-1\" \/>\n<link rel=\"canonical\" href=\"https:\/\/psionic-storm.com\/fr\/les-rendez-vous-heroes-of-the-storm-de-la-blizzcon-2015\/\" \/>\n<meta property=\"og:locale\" content=\"fr_FR\" \/>\n<meta property=\"og:type\" content=\"article\" \/>\n<meta property=\"og:title\" content=\"Les rendez-vous Heroes of the Storm de la Blizzcon 2015 - Psionic Storm - L&#039;actualit\u00e9 Heroes of the Storm en Fran\u00e7ais\" \/>\n<meta property=\"og:description\" content=\"L&rsquo;heure de la Blizzcon approche et Blizzard en profite pour nous d\u00e9voiler le programme. Voici les \u00e9v\u00e9nements de Heroes of the Storm \u00e0 ne pas rater : Vendredi 6 novembre Heroes of the Storm : Design des h\u00e9ros (23h15 &#8211; 00h15) Rejoignez l&rsquo;\u00e9quipe de d\u00e9veloppement afin de jeter un coup d&rsquo;oeil sur les nouveaux H\u00e9ros qui rejoindront le Nexus. Lire la suite&nbsp;&raquo;\" \/>\n<meta property=\"og:url\" content=\"https:\/\/psionic-storm.com\/fr\/les-rendez-vous-heroes-of-the-storm-de-la-blizzcon-2015\/\" \/>\n<meta property=\"og:site_name\" content=\"Psionic Storm - L&#039;actualit\u00e9 Heroes of the Storm en Fran\u00e7ais\" \/>\n<meta property=\"article:publisher\" content=\"https:\/\/www.facebook.com\/psionicstormfr\" \/>\n<meta property=\"article:published_time\" content=\"2015-10-09T15:01:12+00:00\" \/>\n<meta property=\"article:modified_time\" content=\"2016-04-04T14:34:48+00:00\" \/>\n<meta property=\"og:image\" content=\"https:\/\/psionic-storm.com\/wp-content\/uploads\/BlizzCon-Logo-896x504.jpg\" \/>\n<meta name=\"author\" content=\"Croakx\" \/>\n<meta name=\"twitter:card\" content=\"summary_large_image\" \/>\n<meta name=\"twitter:creator\" content=\"@PsionicStormFR\" \/>\n<meta name=\"twitter:site\" content=\"@PsionicStormFR\" \/>\n<meta name=\"twitter:label1\" content=\"\u00c9crit par\" \/>\n\t<meta name=\"twitter:data1\" content=\"Croakx\" \/>\n\t<meta name=\"twitter:label2\" content=\"Dur\u00e9e de lecture estim\u00e9e\" \/>\n\t<meta name=\"twitter:data2\" content=\"1 minute\" \/>\n<script type=\"application\/ld+json\" class=\"yoast-schema-graph\">{\"@context\":\"https:\\\/\\\/schema.org\",\"@graph\":[{\"@type\":\"Article\",\"@id\":\"https:\\\/\\\/psionic-storm.com\\\/fr\\\/les-rendez-vous-heroes-of-the-storm-de-la-blizzcon-2015\\\/#article\",\"isPartOf\":{\"@id\":\"https:\\\/\\\/psionic-storm.com\\\/fr\\\/les-rendez-vous-heroes-of-the-storm-de-la-blizzcon-2015\\\/\"},\"author\":{\"name\":\"Croakx\",\"@id\":\"https:\\\/\\\/psionic-storm.com\\\/en\\\/#\\\/schema\\\/person\\\/2490e324575449a7a620425865d31515\"},\"headline\":\"Les rendez-vous Heroes of the Storm de la Blizzcon 2015\",\"datePublished\":\"2015-10-09T15:01:12+00:00\",\"dateModified\":\"2016-04-04T14:34:48+00:00\",\"mainEntityOfPage\":{\"@id\":\"https:\\\/\\\/psionic-storm.com\\\/fr\\\/les-rendez-vous-heroes-of-the-storm-de-la-blizzcon-2015\\\/\"},\"wordCount\":148,\"commentCount\":0,\"publisher\":{\"@id\":\"https:\\\/\\\/psionic-storm.com\\\/en\\\/#organization\"},\"image\":{\"@id\":\"https:\\\/\\\/psionic-storm.com\\\/fr\\\/les-rendez-vous-heroes-of-the-storm-de-la-blizzcon-2015\\\/#primaryimage\"},\"thumbnailUrl\":\"https:\\\/\\\/psionic-storm.com\\\/wp-content\\\/uploads\\\/BlizzCon-Logo-896x504.jpg\",\"keywords\":[\"blizzcon\",\"champs de bataille\",\"\u00e9quilibrage\",\"Heroes\",\"h\u00e9ros\"],\"articleSection\":[\"Actualit\u00e9s\",\"Divers\"],\"inLanguage\":\"fr-FR\",\"potentialAction\":[{\"@type\":\"CommentAction\",\"name\":\"Comment\",\"target\":[\"https:\\\/\\\/psionic-storm.com\\\/fr\\\/les-rendez-vous-heroes-of-the-storm-de-la-blizzcon-2015\\\/#respond\"]}]},{\"@type\":\"WebPage\",\"@id\":\"https:\\\/\\\/psionic-storm.com\\\/fr\\\/les-rendez-vous-heroes-of-the-storm-de-la-blizzcon-2015\\\/\",\"url\":\"https:\\\/\\\/psionic-storm.com\\\/fr\\\/les-rendez-vous-heroes-of-the-storm-de-la-blizzcon-2015\\\/\",\"name\":\"Les rendez-vous Heroes of the Storm de la Blizzcon 2015 - Psionic Storm - L&#039;actualit\u00e9 Heroes of the Storm en Fran\u00e7ais\",\"isPartOf\":{\"@id\":\"https:\\\/\\\/psionic-storm.com\\\/fr\\\/#website\"},\"primaryImageOfPage\":{\"@id\":\"https:\\\/\\\/psionic-storm.com\\\/fr\\\/les-rendez-vous-heroes-of-the-storm-de-la-blizzcon-2015\\\/#primaryimage\"},\"image\":{\"@id\":\"https:\\\/\\\/psionic-storm.com\\\/fr\\\/les-rendez-vous-heroes-of-the-storm-de-la-blizzcon-2015\\\/#primaryimage\"},\"thumbnailUrl\":\"https:\\\/\\\/psionic-storm.com\\\/wp-content\\\/uploads\\\/BlizzCon-Logo-896x504.jpg\",\"datePublished\":\"2015-10-09T15:01:12+00:00\",\"dateModified\":\"2016-04-04T14:34:48+00:00\",\"breadcrumb\":{\"@id\":\"https:\\\/\\\/psionic-storm.com\\\/fr\\\/les-rendez-vous-heroes-of-the-storm-de-la-blizzcon-2015\\\/#breadcrumb\"},\"inLanguage\":\"fr-FR\",\"potentialAction\":[{\"@type\":\"ReadAction\",\"target\":[[\"https:\\\/\\\/psionic-storm.com\\\/fr\\\/les-rendez-vous-heroes-of-the-storm-de-la-blizzcon-2015\\\/\"]]}]},{\"@type\":\"ImageObject\",\"inLanguage\":\"fr-FR\",\"@id\":\"https:\\\/\\\/psionic-storm.com\\\/fr\\\/les-rendez-vous-heroes-of-the-storm-de-la-blizzcon-2015\\\/#primaryimage\",\"url\":\"https:\\\/\\\/psionic-storm.com\\\/wp-content\\\/uploads\\\/BlizzCon-Logo-896x504.jpg\",\"contentUrl\":\"https:\\\/\\\/psionic-storm.com\\\/wp-content\\\/uploads\\\/BlizzCon-Logo-896x504.jpg\"},{\"@type\":\"BreadcrumbList\",\"@id\":\"https:\\\/\\\/psionic-storm.com\\\/fr\\\/les-rendez-vous-heroes-of-the-storm-de-la-blizzcon-2015\\\/#breadcrumb\",\"itemListElement\":[{\"@type\":\"ListItem\",\"position\":1,\"name\":\"Accueil\",\"item\":\"https:\\\/\\\/psionic-storm.com\\\/fr\\\/\"},{\"@type\":\"ListItem\",\"position\":2,\"name\":\"Les rendez-vous Heroes of the Storm de la Blizzcon 2015\"}]},{\"@type\":\"WebSite\",\"@id\":\"https:\\\/\\\/psionic-storm.com\\\/fr\\\/#website\",\"url\":\"https:\\\/\\\/psionic-storm.com\\\/fr\\\/\",\"name\":\"Psionic Storm - L&#039;actualit\u00e9 Heroes of the Storm en Fran\u00e7ais\",\"description\":\"Toute l&#039;actualit\u00e9 sur le jeu Heroes of the Storm de Blizzard\",\"publisher\":{\"@id\":\"https:\\\/\\\/psionic-storm.com\\\/fr\\\/#organization\"},\"potentialAction\":[{\"@type\":\"SearchAction\",\"target\":{\"@type\":\"EntryPoint\",\"urlTemplate\":\"https:\\\/\\\/psionic-storm.com\\\/fr\\\/?s={search_term_string}\"},\"query-input\":{\"@type\":\"PropertyValueSpecification\",\"valueRequired\":true,\"valueName\":\"search_term_string\"}}],\"inLanguage\":\"fr-FR\"},{\"@type\":\"Organization\",\"@id\":\"https:\\\/\\\/psionic-storm.com\\\/fr\\\/#organization\",\"name\":\"Psionic Storm\",\"url\":\"https:\\\/\\\/psionic-storm.com\\\/fr\\\/\",\"logo\":{\"@type\":\"ImageObject\",\"inLanguage\":\"fr-FR\",\"@id\":\"https:\\\/\\\/psionic-storm.com\\\/fr\\\/#\\\/schema\\\/logo\\\/image\\\/\",\"url\":\"https:\\\/\\\/psionic-storm.com\\\/wp-content\\\/uploads\\\/2015\\\/04\\\/logo.png\",\"contentUrl\":\"https:\\\/\\\/psionic-storm.com\\\/wp-content\\\/uploads\\\/2015\\\/04\\\/logo.png\",\"width\":374,\"height\":158,\"caption\":\"Psionic Storm\"},\"image\":{\"@id\":\"https:\\\/\\\/psionic-storm.com\\\/fr\\\/#\\\/schema\\\/logo\\\/image\\\/\"},\"sameAs\":[\"https:\\\/\\\/www.facebook.com\\\/psionicstormfr\",\"https:\\\/\\\/x.com\\\/PsionicStormFR\",\"https:\\\/\\\/www.youtube.com\\\/channel\\\/UCqD35J5WYsEehJCjPqYXXNw\"]},{\"@type\":\"Person\",\"@id\":\"https:\\\/\\\/psionic-storm.com\\\/en\\\/#\\\/schema\\\/person\\\/2490e324575449a7a620425865d31515\",\"name\":\"Croakx\",\"image\":{\"@type\":\"ImageObject\",\"inLanguage\":\"fr-FR\",\"@id\":\"https:\\\/\\\/secure.gravatar.com\\\/avatar\\\/8c3dfcc4f58f1cc98e9a3eb28a33b5cece6eb2b16ada57417389d572c4a5d9a7?s=96&d=https%3A%2F%2Fpsionic-storm.com%2Fwp-content%2Fthemes%2Fpsionicstorm%2Fimg%2Fgravatar.jpg&r=g\",\"url\":\"https:\\\/\\\/secure.gravatar.com\\\/avatar\\\/8c3dfcc4f58f1cc98e9a3eb28a33b5cece6eb2b16ada57417389d572c4a5d9a7?s=96&d=https%3A%2F%2Fpsionic-storm.com%2Fwp-content%2Fthemes%2Fpsionicstorm%2Fimg%2Fgravatar.jpg&r=g\",\"contentUrl\":\"https:\\\/\\\/secure.gravatar.com\\\/avatar\\\/8c3dfcc4f58f1cc98e9a3eb28a33b5cece6eb2b16ada57417389d572c4a5d9a7?s=96&d=https%3A%2F%2Fpsionic-storm.com%2Fwp-content%2Fthemes%2Fpsionicstorm%2Fimg%2Fgravatar.jpg&r=g\",\"caption\":\"Croakx\"},\"sameAs\":[\"https:\\\/\\\/psionic-storm.com\"],\"url\":\"https:\\\/\\\/psionic-storm.com\\\/fr\\\/author\\\/croakx\\\/\"}]}<\/script>\n<!-- \/ Yoast SEO plugin. -->","yoast_head_json":{"title":"Les rendez-vous Heroes of the Storm de la Blizzcon 2015 - Psionic Storm - L&#039;actualit\u00e9 Heroes of the Storm en Fran\u00e7ais","robots":{"index":"index","follow":"follow","max-snippet":"max-snippet:-1","max-image-preview":"max-image-preview:large","max-video-preview":"max-video-preview:-1"},"canonical":"https:\/\/psionic-storm.com\/fr\/les-rendez-vous-heroes-of-the-storm-de-la-blizzcon-2015\/","og_locale":"fr_FR","og_type":"article","og_title":"Les rendez-vous Heroes of the Storm de la Blizzcon 2015 - Psionic Storm - L&#039;actualit\u00e9 Heroes of the Storm en Fran\u00e7ais","og_description":"L&rsquo;heure de la Blizzcon approche et Blizzard en profite pour nous d\u00e9voiler le programme. Voici les \u00e9v\u00e9nements de Heroes of the Storm \u00e0 ne pas rater : Vendredi 6 novembre Heroes of the Storm : Design des h\u00e9ros (23h15 &#8211; 00h15) Rejoignez l&rsquo;\u00e9quipe de d\u00e9veloppement afin de jeter un coup d&rsquo;oeil sur les nouveaux H\u00e9ros qui rejoindront le Nexus. Lire la suite&nbsp;&raquo;","og_url":"https:\/\/psionic-storm.com\/fr\/les-rendez-vous-heroes-of-the-storm-de-la-blizzcon-2015\/","og_site_name":"Psionic Storm - L&#039;actualit\u00e9 Heroes of the Storm en Fran\u00e7ais","article_publisher":"https:\/\/www.facebook.com\/psionicstormfr","article_published_time":"2015-10-09T15:01:12+00:00","article_modified_time":"2016-04-04T14:34:48+00:00","og_image":[{"url":"https:\/\/psionic-storm.com\/wp-content\/uploads\/BlizzCon-Logo-896x504.jpg","type":"","width":"","height":""}],"author":"Croakx","twitter_card":"summary_large_image","twitter_creator":"@PsionicStormFR","twitter_site":"@PsionicStormFR","twitter_misc":{"\u00c9crit par":"Croakx","Dur\u00e9e de lecture estim\u00e9e":"1 minute"},"schema":{"@context":"https:\/\/schema.org","@graph":[{"@type":"Article","@id":"https:\/\/psionic-storm.com\/fr\/les-rendez-vous-heroes-of-the-storm-de-la-blizzcon-2015\/#article","isPartOf":{"@id":"https:\/\/psionic-storm.com\/fr\/les-rendez-vous-heroes-of-the-storm-de-la-blizzcon-2015\/"},"author":{"name":"Croakx","@id":"https:\/\/psionic-storm.com\/en\/#\/schema\/person\/2490e324575449a7a620425865d31515"},"headline":"Les rendez-vous Heroes of the Storm de la Blizzcon 2015","datePublished":"2015-10-09T15:01:12+00:00","dateModified":"2016-04-04T14:34:48+00:00","mainEntityOfPage":{"@id":"https:\/\/psionic-storm.com\/fr\/les-rendez-vous-heroes-of-the-storm-de-la-blizzcon-2015\/"},"wordCount":148,"commentCount":0,"publisher":{"@id":"https:\/\/psionic-storm.com\/en\/#organization"},"image":{"@id":"https:\/\/psionic-storm.com\/fr\/les-rendez-vous-heroes-of-the-storm-de-la-blizzcon-2015\/#primaryimage"},"thumbnailUrl":"https:\/\/psionic-storm.com\/wp-content\/uploads\/BlizzCon-Logo-896x504.jpg","keywords":["blizzcon","champs de bataille","\u00e9quilibrage","Heroes","h\u00e9ros"],"articleSection":["Actualit\u00e9s","Divers"],"inLanguage":"fr-FR","potentialAction":[{"@type":"CommentAction","name":"Comment","target":["https:\/\/psionic-storm.com\/fr\/les-rendez-vous-heroes-of-the-storm-de-la-blizzcon-2015\/#respond"]}]},{"@type":"WebPage","@id":"https:\/\/psionic-storm.com\/fr\/les-rendez-vous-heroes-of-the-storm-de-la-blizzcon-2015\/","url":"https:\/\/psionic-storm.com\/fr\/les-rendez-vous-heroes-of-the-storm-de-la-blizzcon-2015\/","name":"Les rendez-vous Heroes of the Storm de la Blizzcon 2015 - Psionic Storm - L&#039;actualit\u00e9 Heroes of the Storm en Fran\u00e7ais","isPartOf":{"@id":"https:\/\/psionic-storm.com\/fr\/#website"},"primaryImageOfPage":{"@id":"https:\/\/psionic-storm.com\/fr\/les-rendez-vous-heroes-of-the-storm-de-la-blizzcon-2015\/#primaryimage"},"image":{"@id":"https:\/\/psionic-storm.com\/fr\/les-rendez-vous-heroes-of-the-storm-de-la-blizzcon-2015\/#primaryimage"},"thumbnailUrl":"https:\/\/psionic-storm.com\/wp-content\/uploads\/BlizzCon-Logo-896x504.jpg","datePublished":"2015-10-09T15:01:12+00:00","dateModified":"2016-04-04T14:34:48+00:00","breadcrumb":{"@id":"https:\/\/psionic-storm.com\/fr\/les-rendez-vous-heroes-of-the-storm-de-la-blizzcon-2015\/#breadcrumb"},"inLanguage":"fr-FR","potentialAction":[{"@type":"ReadAction","target":[["https:\/\/psionic-storm.com\/fr\/les-rendez-vous-heroes-of-the-storm-de-la-blizzcon-2015\/"]]}]},{"@type":"ImageObject","inLanguage":"fr-FR","@id":"https:\/\/psionic-storm.com\/fr\/les-rendez-vous-heroes-of-the-storm-de-la-blizzcon-2015\/#primaryimage","url":"https:\/\/psionic-storm.com\/wp-content\/uploads\/BlizzCon-Logo-896x504.jpg","contentUrl":"https:\/\/psionic-storm.com\/wp-content\/uploads\/BlizzCon-Logo-896x504.jpg"},{"@type":"BreadcrumbList","@id":"https:\/\/psionic-storm.com\/fr\/les-rendez-vous-heroes-of-the-storm-de-la-blizzcon-2015\/#breadcrumb","itemListElement":[{"@type":"ListItem","position":1,"name":"Accueil","item":"https:\/\/psionic-storm.com\/fr\/"},{"@type":"ListItem","position":2,"name":"Les rendez-vous Heroes of the Storm de la Blizzcon 2015"}]},{"@type":"WebSite","@id":"https:\/\/psionic-storm.com\/fr\/#website","url":"https:\/\/psionic-storm.com\/fr\/","name":"Psionic Storm - L&#039;actualit\u00e9 Heroes of the Storm en Fran\u00e7ais","description":"Toute l&#039;actualit\u00e9 sur le jeu Heroes of the Storm de Blizzard","publisher":{"@id":"https:\/\/psionic-storm.com\/fr\/#organization"},"potentialAction":[{"@type":"SearchAction","target":{"@type":"EntryPoint","urlTemplate":"https:\/\/psionic-storm.com\/fr\/?s={search_term_string}"},"query-input":{"@type":"PropertyValueSpecification","valueRequired":true,"valueName":"search_term_string"}}],"inLanguage":"fr-FR"},{"@type":"Organization","@id":"https:\/\/psionic-storm.com\/fr\/#organization","name":"Psionic Storm","url":"https:\/\/psionic-storm.com\/fr\/","logo":{"@type":"ImageObject","inLanguage":"fr-FR","@id":"https:\/\/psionic-storm.com\/fr\/#\/schema\/logo\/image\/","url":"https:\/\/psionic-storm.com\/wp-content\/uploads\/2015\/04\/logo.png","contentUrl":"https:\/\/psionic-storm.com\/wp-content\/uploads\/2015\/04\/logo.png","width":374,"height":158,"caption":"Psionic Storm"},"image":{"@id":"https:\/\/psionic-storm.com\/fr\/#\/schema\/logo\/image\/"},"sameAs":["https:\/\/www.facebook.com\/psionicstormfr","https:\/\/x.com\/PsionicStormFR","https:\/\/www.youtube.com\/channel\/UCqD35J5WYsEehJCjPqYXXNw"]},{"@type":"Person","@id":"https:\/\/psionic-storm.com\/en\/#\/schema\/person\/2490e324575449a7a620425865d31515","name":"Croakx","image":{"@type":"ImageObject","inLanguage":"fr-FR","@id":"https:\/\/secure.gravatar.com\/avatar\/8c3dfcc4f58f1cc98e9a3eb28a33b5cece6eb2b16ada57417389d572c4a5d9a7?s=96&d=https%3A%2F%2Fpsionic-storm.com%2Fwp-content%2Fthemes%2Fpsionicstorm%2Fimg%2Fgravatar.jpg&r=g","url":"https:\/\/secure.gravatar.com\/avatar\/8c3dfcc4f58f1cc98e9a3eb28a33b5cece6eb2b16ada57417389d572c4a5d9a7?s=96&d=https%3A%2F%2Fpsionic-storm.com%2Fwp-content%2Fthemes%2Fpsionicstorm%2Fimg%2Fgravatar.jpg&r=g","contentUrl":"https:\/\/secure.gravatar.com\/avatar\/8c3dfcc4f58f1cc98e9a3eb28a33b5cece6eb2b16ada57417389d572c4a5d9a7?s=96&d=https%3A%2F%2Fpsionic-storm.com%2Fwp-content%2Fthemes%2Fpsionicstorm%2Fimg%2Fgravatar.jpg&r=g","caption":"Croakx"},"sameAs":["https:\/\/psionic-storm.com"],"url":"https:\/\/psionic-storm.com\/fr\/author\/croakx\/"}]}},"jetpack_publicize_connections":[],"jetpack_featured_media_url":"","jetpack_sharing_enabled":true,"jetpack_shortlink":"https:\/\/wp.me\/p6YPgm-IF","jetpack-related-posts":[{"id":8896,"url":"https:\/\/psionic-storm.com\/fr\/blizzcon-2016-varian-ragnaros-choc-heros-recompenses\/","url_meta":{"origin":2769,"position":0},"title":"Blizzcon 2016 : Varian, Ragnaros, Choc, h\u00e9ros en r\u00e9compenses","author":"HerrVigg","date":"vendredi  4 novembre 2016","format":false,"excerpt":"La Blizzcon 2016 est bien lanc\u00e9e et Kaeo Miller le directeur de production de Heroes a d\u00e9j\u00e0 fait un concentr\u00e9 d'annonces en tr\u00e8s peu de temps ! Et d'autres surprises arriveront s\u00fbrement plus tard ! Varian : sortie semaine du 15 novembre. Le \"premier h\u00e9ros multi-classe\". Mais que cela veut-il\u2026","rel":"","context":"Dans &quot;Actualit\u00e9s&quot;","block_context":{"text":"Actualit\u00e9s","link":"https:\/\/psionic-storm.com\/fr\/categories\/news\/"},"img":{"alt_text":"blizzcon2016","src":"https:\/\/i0.wp.com\/psionic-storm.com\/wp-content\/uploads\/blizzcon2016.jpg?resize=350%2C200&ssl=1","width":350,"height":200,"srcset":"https:\/\/i0.wp.com\/psionic-storm.com\/wp-content\/uploads\/blizzcon2016.jpg?resize=350%2C200&ssl=1 1x, https:\/\/i0.wp.com\/psionic-storm.com\/wp-content\/uploads\/blizzcon2016.jpg?resize=525%2C300&ssl=1 1.5x, https:\/\/i0.wp.com\/psionic-storm.com\/wp-content\/uploads\/blizzcon2016.jpg?resize=700%2C400&ssl=1 2x, https:\/\/i0.wp.com\/psionic-storm.com\/wp-content\/uploads\/blizzcon2016.jpg?resize=1050%2C600&ssl=1 3x"},"classes":[]},{"id":3084,"url":"https:\/\/psionic-storm.com\/fr\/blizzcon-2015-ce-quil-faut-retenir\/","url_meta":{"origin":2769,"position":1},"title":"BlizzCon 2015 : Ce qu&rsquo;il faut retenir","author":"Croakx","date":"lundi  9 novembre 2015","format":false,"excerpt":"Ce week-end s'est d\u00e9roul\u00e9 la 9\u00e8me \u00e9dition de la BlizzCon, un salon enti\u00e8rement d\u00e9di\u00e9 aux jeux Blizzard. C'est la premi\u00e8re BlizzCon depuis la sortie de Heroes of the Storm et nous avons \u00e9t\u00e9 plut\u00f4t g\u00e2t\u00e9s en annonces ! Nous vous proposons de d\u00e9couvrir notre r\u00e9capitulatif de cet \u00e9v\u00e8nement : Nouveaux\u2026","rel":"","context":"Dans &quot;Actualit\u00e9s&quot;","block_context":{"text":"Actualit\u00e9s","link":"https:\/\/psionic-storm.com\/fr\/categories\/news\/"},"img":{"alt_text":"Griset\u00eate Artwork","src":"https:\/\/i0.wp.com\/psionic-storm.com\/wp-content\/uploads\/grisetete1-896x448.jpg?resize=350%2C200&ssl=1","width":350,"height":200,"srcset":"https:\/\/i0.wp.com\/psionic-storm.com\/wp-content\/uploads\/grisetete1-896x448.jpg?resize=350%2C200&ssl=1 1x, https:\/\/i0.wp.com\/psionic-storm.com\/wp-content\/uploads\/grisetete1-896x448.jpg?resize=525%2C300&ssl=1 1.5x, https:\/\/i0.wp.com\/psionic-storm.com\/wp-content\/uploads\/grisetete1-896x448.jpg?resize=700%2C400&ssl=1 2x"},"classes":[]},{"id":3453,"url":"https:\/\/psionic-storm.com\/fr\/resume-de-lannee-2015-sur-heroes-of-the-storm\/","url_meta":{"origin":2769,"position":2},"title":"R\u00e9sum\u00e9 de l&rsquo;ann\u00e9e 2015 sur Heroes of the Storm","author":"Croakx","date":"vendredi  1 janvier 2016","format":false,"excerpt":"L'ann\u00e9e 2015 a \u00e9t\u00e9 riche en \u00e9motions pour Heroes c'est pourquoi nous vous proposons de revenir sur les \u00e9v\u00e9nements qui ont marqu\u00e9 la premi\u00e8re ann\u00e9e du jeu. Nous revivrons ensemble les annonces, l'arriv\u00e9e de nouvelles fonctionnalit\u00e9s, de nouveaux champs de batailles ainsi que les nouveaux h\u00e9ros qui ont rejoint le\u2026","rel":"","context":"Dans &quot;Actualit\u00e9s&quot;","block_context":{"text":"Actualit\u00e9s","link":"https:\/\/psionic-storm.com\/fr\/categories\/news\/"},"img":{"alt_text":"","src":"https:\/\/i0.wp.com\/psionic-storm.com\/wp-content\/uploads\/bourbie-lapin-chafouin.jpg?resize=350%2C200&ssl=1","width":350,"height":200,"srcset":"https:\/\/i0.wp.com\/psionic-storm.com\/wp-content\/uploads\/bourbie-lapin-chafouin.jpg?resize=350%2C200&ssl=1 1x, https:\/\/i0.wp.com\/psionic-storm.com\/wp-content\/uploads\/bourbie-lapin-chafouin.jpg?resize=525%2C300&ssl=1 1.5x, https:\/\/i0.wp.com\/psionic-storm.com\/wp-content\/uploads\/bourbie-lapin-chafouin.jpg?resize=700%2C400&ssl=1 2x"},"classes":[]},{"id":10878,"url":"https:\/\/psionic-storm.com\/fr\/evenement-lancement-de-heroes-2-0\/","url_meta":{"origin":2769,"position":3},"title":"\u00c9v\u00e8nement : lancement de Heroes 2.0","author":"HerrVigg","date":"mardi 18 avril 2017","format":false,"excerpt":"Le lancement de Heroes 2.0 fera l'objet d'un \u00e9v\u00e8nement en direct sur Twitch ce mardi 25 avril \u00e0 20:00. A cette occasion, des joueurs pros s'affronteront sur Hanamura pour nous illustrer ce que pourrait devenir le style de jeu sur ce champ de bataille \u00e0 priori plus complexe que les\u2026","rel":"","context":"Dans &quot;Actualit\u00e9s&quot;","block_context":{"text":"Actualit\u00e9s","link":"https:\/\/psionic-storm.com\/fr\/categories\/news\/"},"img":{"alt_text":"","src":"https:\/\/i0.wp.com\/psionic-storm.com\/wp-content\/uploads\/Logo_HotS2_990x556-896x503.jpg?resize=350%2C200&ssl=1","width":350,"height":200,"srcset":"https:\/\/i0.wp.com\/psionic-storm.com\/wp-content\/uploads\/Logo_HotS2_990x556-896x503.jpg?resize=350%2C200&ssl=1 1x, https:\/\/i0.wp.com\/psionic-storm.com\/wp-content\/uploads\/Logo_HotS2_990x556-896x503.jpg?resize=525%2C300&ssl=1 1.5x, https:\/\/i0.wp.com\/psionic-storm.com\/wp-content\/uploads\/Logo_HotS2_990x556-896x503.jpg?resize=700%2C400&ssl=1 2x"},"classes":[]},{"id":14232,"url":"https:\/\/psionic-storm.com\/fr\/presentation-prochain-heros-et-champ-de-bataille-le-4-juin-2018\/","url_meta":{"origin":2769,"position":4},"title":"Pr\u00e9sentation prochain h\u00e9ros et champ de bataille le 4 juin 2018 !","author":"owi0wi","date":"dimanche  3 juin 2018","format":false,"excerpt":"Des nouvelles all\u00e9chantes sont annonc\u00e9es prochainement avec le nouveau h\u00e9ros \u00e0 venir mais aussi un nouveau champ de bataille ! Soyez nombreux sur Twitch pour les d\u00e9couvrir en direct lundi 4 juin! NDLR : l'article de Blizzard FR mentionne les prochains h\u00e9ros au pluriel mais la version US ne mentionne\u2026","rel":"","context":"Dans &quot;Actualit\u00e9s&quot;","block_context":{"text":"Actualit\u00e9s","link":"https:\/\/psionic-storm.com\/fr\/categories\/news\/"},"img":{"alt_text":"","src":"https:\/\/i0.wp.com\/psionic-storm.com\/wp-content\/uploads\/psionic-storm-prochains-heros-896x498.jpg?resize=350%2C200&ssl=1","width":350,"height":200,"srcset":"https:\/\/i0.wp.com\/psionic-storm.com\/wp-content\/uploads\/psionic-storm-prochains-heros-896x498.jpg?resize=350%2C200&ssl=1 1x, https:\/\/i0.wp.com\/psionic-storm.com\/wp-content\/uploads\/psionic-storm-prochains-heros-896x498.jpg?resize=525%2C300&ssl=1 1.5x, https:\/\/i0.wp.com\/psionic-storm.com\/wp-content\/uploads\/psionic-storm-prochains-heros-896x498.jpg?resize=700%2C400&ssl=1 2x"},"classes":[]},{"id":7866,"url":"https:\/\/psionic-storm.com\/fr\/heroes-of-the-storm-machines-de-guerre\/","url_meta":{"origin":2769,"position":5},"title":"Heroes of the Storm : Machines de guerre","author":"Croakx","date":"mercredi 17 ao\u00fbt 2016","format":false,"excerpt":"Comme vous le savez probablement d\u00e9j\u00e0, en ce moment a lieu la Gamescom en Allemagne. Blizzard en a profit\u00e9 pour annoncer un nouvel \u00e9v\u00e8nement intitul\u00e9 : Machines de guerre. Cet \u00e9v\u00e8nement est semblable \u00e0 l'\u00c9ternel Conflit, qui pour rappel, \u00e9tait le premier \u00e9v\u00e8nement d\u00e9di\u00e9 \u00e0 une franchise de Blizzard dans\u2026","rel":"","context":"Dans &quot;Actualit\u00e9s&quot;","block_context":{"text":"Actualit\u00e9s","link":"https:\/\/psionic-storm.com\/fr\/categories\/news\/"},"img":{"alt_text":"","src":"https:\/\/i0.wp.com\/psionic-storm.com\/wp-content\/uploads\/machines-de-guerre-1-896x504.jpg?resize=350%2C200&ssl=1","width":350,"height":200,"srcset":"https:\/\/i0.wp.com\/psionic-storm.com\/wp-content\/uploads\/machines-de-guerre-1-896x504.jpg?resize=350%2C200&ssl=1 1x, https:\/\/i0.wp.com\/psionic-storm.com\/wp-content\/uploads\/machines-de-guerre-1-896x504.jpg?resize=525%2C300&ssl=1 1.5x, https:\/\/i0.wp.com\/psionic-storm.com\/wp-content\/uploads\/machines-de-guerre-1-896x504.jpg?resize=700%2C400&ssl=1 2x, https:\/\/i0.wp.com\/psionic-storm.com\/wp-content\/uploads\/machines-de-guerre-1-896x504.jpg?resize=1050%2C600&ssl=1 3x"},"classes":[]}],"_links":{"self":[{"href":"https:\/\/psionic-storm.com\/fr\/wp-json\/wp\/v2\/posts\/2769","targetHints":{"allow":["GET"]}}],"collection":[{"href":"https:\/\/psionic-storm.com\/fr\/wp-json\/wp\/v2\/posts"}],"about":[{"href":"https:\/\/psionic-storm.com\/fr\/wp-json\/wp\/v2\/types\/post"}],"author":[{"embeddable":true,"href":"https:\/\/psionic-storm.com\/fr\/wp-json\/wp\/v2\/users\/1"}],"replies":[{"embeddable":true,"href":"https:\/\/psionic-storm.com\/fr\/wp-json\/wp\/v2\/comments?post=2769"}],"version-history":[{"count":0,"href":"https:\/\/psionic-storm.com\/fr\/wp-json\/wp\/v2\/posts\/2769\/revisions"}],"wp:attachment":[{"href":"https:\/\/psionic-storm.com\/fr\/wp-json\/wp\/v2\/media?parent=2769"}],"wp:term":[{"taxonomy":"category","embeddable":true,"href":"https:\/\/psionic-storm.com\/fr\/wp-json\/wp\/v2\/categories?post=2769"},{"taxonomy":"post_tag","embeddable":true,"href":"https:\/\/psionic-storm.com\/fr\/wp-json\/wp\/v2\/tags?post=2769"}],"curies":[{"name":"wp","href":"https:\/\/api.w.org\/{rel}","templated":true}]}}